{"id":122353,"date":"2020-07-06T05:50:38","date_gmt":"2020-07-06T10:50:38","guid":{"rendered":"https:\/\/plazajuarez.mx\/?p=122353"},"modified":"2020-07-06T06:28:22","modified_gmt":"2020-07-06T11:28:22","slug":"acusan-a-pascual-charrez-de-actuar-con-fines-electoreros","status":"publish","type":"post","link":"https:\/\/plazajuarez.mx\/historico\/acusan-a-pascual-charrez-de-actuar-con-fines-electoreros\/","title":{"rendered":"Acusan a Pascual Charrez de actuar con fines electoreros"},"content":{"rendered":"\n<ul class=\"wp-block-list\"><li><strong>No habr\u00e1 apoyo para el presidente y tampoco para los perfiles que proponga<\/strong><\/li><\/ul>\n\n\n\n<!--more-->\n\n\n\n<p>Vecinos de la localidad de El Mandh\u00f3, Ixmiquilpan, se deslindaron del presidente municipal, Pascual Charrez, asimismo, informaron alinearse a las pol\u00edticas del Presidente de la Rep\u00fablica, Andr\u00e9s Manuel L\u00f3pez Obrador y del Gobernador, Omar Fayad.\u00a0<\/p>\n\n\n\n<p>Se\u00f1alaron que el alcalde ha buscado por diversas maniobras, convertir todas sus acciones con fines electoreros, por ello, mencionaron que no van a participar en las propuestas que \u00e9l realiza y en ese sentido, han decidido no apoyarlo.&nbsp;<\/p>\n\n\n\n<p>Recientemente, los vecinos de la comunidad, retuvieron a trabajadores del gobierno del estado, quienes repart\u00edan despensas del programa alimentario, mismas que fueron decomisadas por la delegaci\u00f3n para destinarlas a otras personas.&nbsp;<\/p>\n\n\n\n<p>Sobre este problema, explicaron, que fue la asamblea la que determin\u00f3 repartirlas tras retener una unidad oficial que las transportaba, puntualizaron que no incurrieron en ning\u00fan acto il\u00edcito ya que fueron entregadas a las familias afectadas por la crisis econ\u00f3mica provocada por el Covid-19.<\/p>\n\n\n\n<p>Justificaron que esto se determin\u00f3 as\u00ed por temor a que cayeran en manos de las autoridades municipales a cargo de Pascual Charrez y que las usara para hacer proselitismo en favor de alguno de sus familiares.&nbsp;<\/p>\n\n\n\n<p>&#8220;Estamos cansados de abusos y nepotismo de autoridades sobretodo municipales que pretenden beneficiar a unos cuantos por intereses pol\u00edticos para favorecer y proyectar a personas con fines electorales&#8221;.<\/p>\n","protected":false},"excerpt":{"rendered":"<p>No habr\u00e1 apoyo para el presidente y tampoco para los perfiles que proponga<\/p>\n","protected":false},"author":75,"featured_media":0,"comment_status":"closed","ping_status":"open","sticky":false,"template":"","format":"standard","meta":{"footnotes":""},"categories":[15,40],"tags":[],"class_list":["post-122353","post","type-post","status-publish","format-standard","hentry","category-destacadas","category-region"],"_links":{"self":[{"href":"https:\/\/plazajuarez.mx\/historico\/wp-json\/wp\/v2\/posts\/122353","targetHints":{"allow":["GET"]}}],"collection":[{"href":"https:\/\/plazajuarez.mx\/historico\/wp-json\/wp\/v2\/posts"}],"about":[{"href":"https:\/\/plazajuarez.mx\/historico\/wp-json\/wp\/v2\/types\/post"}],"author":[{"embeddable":true,"href":"https:\/\/plazajuarez.mx\/historico\/wp-json\/wp\/v2\/users\/75"}],"replies":[{"embeddable":true,"href":"https:\/\/plazajuarez.mx\/historico\/wp-json\/wp\/v2\/comments?post=122353"}],"version-history":[{"count":0,"href":"https:\/\/plazajuarez.mx\/historico\/wp-json\/wp\/v2\/posts\/122353\/revisions"}],"wp:attachment":[{"href":"https:\/\/plazajuarez.mx\/historico\/wp-json\/wp\/v2\/media?parent=122353"}],"wp:term":[{"taxonomy":"category","embeddable":true,"href":"https:\/\/plazajuarez.mx\/historico\/wp-json\/wp\/v2\/categories?post=122353"},{"taxonomy":"post_tag","embeddable":true,"href":"https:\/\/plazajuarez.mx\/historico\/wp-json\/wp\/v2\/tags?post=122353"}],"curies":[{"name":"wp","href":"https:\/\/api.w.org\/{rel}","templated":true}]}}