{"id":122334,"date":"2020-07-06T06:00:00","date_gmt":"2020-07-06T11:00:00","guid":{"rendered":"https:\/\/plazajuarez.mx\/?p=122334"},"modified":"2020-07-05T23:39:09","modified_gmt":"2020-07-06T04:39:09","slug":"paris-experimenta-con-su-primera-pasarela-de-moda-digital","status":"publish","type":"post","link":"https:\/\/plazajuarez.mx\/historico\/paris-experimenta-con-su-primera-pasarela-de-moda-digital\/","title":{"rendered":"Par\u00eds experimenta con su primera pasarela de moda digital"},"content":{"rendered":"\n<ul class=\"wp-block-list\"><li><strong>La intenci\u00f3n es mantener el tradicional calendario de desfiles, en el que durante varios d\u00edas se suceden sin freno la presentaci\u00f3n de las nuevas colecciones\u00a0<\/strong><\/li><\/ul>\n\n\n\n<!--more-->\n\n\n\n<p>A estas alturas del a\u00f1o, las altas esferas de la industria de la moda deber\u00edan estar en Par\u00eds siguiendo los desfiles de la Semana de la Moda y discutiendo desde las codiciadas primeras y segundas filas de la pasarela, un h\u00e1bito interrumpido por el coronavirus, que ha obligado a recurrir \u00edntegramente a internet.<\/p>\n\n\n\n<p>La Federaci\u00f3n de la Alta Costura y la Moda hab\u00eda ya cancelado la celebraci\u00f3n de las pasarelas de hombre y alta costura, previstas en junio y julio, cuando decidi\u00f3 apostar por una edici\u00f3n 100% en l\u00ednea para la que se valdr\u00e1 de colaboraciones con plataformas digitales como YouTube, Instagram, Google, Facebook o Hylink.<\/p>\n\n\n\n<p>La intenci\u00f3n es mantener el tradicional calendario de desfiles, en el que durante varios d\u00edas se suceden sin freno la presentaci\u00f3n de las nuevas colecciones de marcas como Givenchy, Lanvin, Issey Miyake o Kenzo, solo que esta vez no ser\u00e1 en los rincones m\u00e1s glamurosos de Par\u00eds.<\/p>\n\n\n\n<p>Los desfiles se ver\u00e1n en la plataforma virtual de la Federaci\u00f3n y en las ya multitudinarias redes de las marcas.<\/p>\n\n\n\n<p>Del 6 al 8 de julio, ser\u00e1 el turno de las firmas de alta costura: Schiaparelli, Maurizio Galante, Iris Van Herpen, Christian Dior, Chanel, Alexandre Vauthier, Elie Saab o Valentino, entre una treintena de nombres que han decidido seguir adelante con esta particular edici\u00f3n para mostrar sus colecciones oto\u00f1o-invierno 2021.<\/p>\n\n\n\n<p>Del 9 al 13, para la muestra de las l\u00edneas masculinas primavera-verano 2021, ser\u00e1 el turno de medio centenar de marcas como Louis Vuitton, Ungaro, Rick Owens, Dries Van Noten, Isabel Marant, Loewe, Herm\u00e8s, Dior, entre otros, as\u00ed como las firmas espa\u00f1olas Palomo Spain y Oteyza.<\/p>\n\n\n\n<p><strong>Concentrarse en lo importante<\/strong><\/p>\n\n\n\n<p>Para que no todo quede en manos de las redes sociales, la Federaci\u00f3n se ha preocupado por mostrar su peso como madrina y protectora del gremio desplegando todo tipo de iniciativas.<\/p>\n\n\n\n<p>Entre ellas, una revista virtual con entrevistas, v\u00eddeos tras las bambalinas e inspiraci\u00f3n; una serie de eventos como conferencias, conciertos y visitas culturales, o un muestrario digital de las colecciones reservada a profesionales.<\/p>\n\n\n\n<p>Pero la experiencia, antes de volver f\u00edsicamente a las pasarelas en octubre con las colecciones de mujer, como confirm\u00f3 la instituci\u00f3n recientemente, tiene mucho de experimental.<\/p>\n","protected":false},"excerpt":{"rendered":"<p>La intenci\u00f3n es mantener el tradicional calendario de desfiles, en el que durante varios d\u00edas se suceden sin freno la presentaci\u00f3n de las nuevas colecciones\u00a0<\/p>\n","protected":false},"author":80,"featured_media":0,"comment_status":"closed","ping_status":"open","sticky":false,"template":"","format":"standard","meta":{"footnotes":""},"categories":[41],"tags":[],"class_list":["post-122334","post","type-post","status-publish","format-standard","hentry","category-arteria-cultural"],"_links":{"self":[{"href":"https:\/\/plazajuarez.mx\/historico\/wp-json\/wp\/v2\/posts\/122334","targetHints":{"allow":["GET"]}}],"collection":[{"href":"https:\/\/plazajuarez.mx\/historico\/wp-json\/wp\/v2\/posts"}],"about":[{"href":"https:\/\/plazajuarez.mx\/historico\/wp-json\/wp\/v2\/types\/post"}],"author":[{"embeddable":true,"href":"https:\/\/plazajuarez.mx\/historico\/wp-json\/wp\/v2\/users\/80"}],"replies":[{"embeddable":true,"href":"https:\/\/plazajuarez.mx\/historico\/wp-json\/wp\/v2\/comments?post=122334"}],"version-history":[{"count":0,"href":"https:\/\/plazajuarez.mx\/historico\/wp-json\/wp\/v2\/posts\/122334\/revisions"}],"wp:attachment":[{"href":"https:\/\/plazajuarez.mx\/historico\/wp-json\/wp\/v2\/media?parent=122334"}],"wp:term":[{"taxonomy":"category","embeddable":true,"href":"https:\/\/plazajuarez.mx\/historico\/wp-json\/wp\/v2\/categories?post=122334"},{"taxonomy":"post_tag","embeddable":true,"href":"https:\/\/plazajuarez.mx\/historico\/wp-json\/wp\/v2\/tags?post=122334"}],"curies":[{"name":"wp","href":"https:\/\/api.w.org\/{rel}","templated":true}]}}