{"id":122333,"date":"2020-07-06T06:00:00","date_gmt":"2020-07-06T11:00:00","guid":{"rendered":"https:\/\/plazajuarez.mx\/?p=122333"},"modified":"2020-07-05T23:37:37","modified_gmt":"2020-07-06T04:37:37","slug":"objetos-del-confinamiento-una-nueva-exposicion-virtual","status":"publish","type":"post","link":"https:\/\/plazajuarez.mx\/historico\/objetos-del-confinamiento-una-nueva-exposicion-virtual\/","title":{"rendered":"Objetos del confinamiento, una nueva exposici\u00f3n virtual"},"content":{"rendered":"\n<ul class=\"wp-block-list\"><li><strong>Para su realizaci\u00f3n, se hizo una invitaci\u00f3n al p\u00fablico para que compartieran las fotograf\u00edas de los objetos que cobraron gran valor durante estos meses<\/strong><\/li><\/ul>\n\n\n\n<!--more-->\n\n\n\n<p>Durante este tiempo de cuarentena, algunos objetos en casa han cobrado un valor muy significativo debido a que se les da un mayor uso que antes de la propagaci\u00f3n de la pandemia del coronavirus.<\/p>\n\n\n\n<p>Un claro ejemplo es la computadora, una pieza indispensable para muchos de nosotros, ya sea para hacer home office, tomar clases en l\u00ednea, ver series o pel\u00edculas o seguir algunos cursos.<\/p>\n\n\n\n<p>Este y otros objetos m\u00e1s han sido presentados en la nueva exposici\u00f3n virtual del Museo del Objeto del Objeto (MODO), ubicado en la colonia Roma, en la Ciudad de M\u00e9xico, llamada &#8220;Los objetos del confinamiento&#8221;. En la muestra se exhiben 100 piezas que definen el aislamiento de las personas durante la pandemia del Covid-19.<\/p>\n\n\n\n<p>Para la realizaci\u00f3n de la exposici\u00f3n, el MODO hizo una invitaci\u00f3n al p\u00fablico para que compartieran las fotograf\u00edas de los objetos que cobraron gran valor durante estos meses, con una peque\u00f1a historia del por qu\u00e9 eligieron dicho artefacto. Fueron un total de 600 personas las que participaron en el proyecto y un jurado integrado eligi\u00f3 solamente 100 piezas para la primera muestra.<\/p>\n\n\n\n<p>&#8220;Nos ha sorprendido mucho la dedicaci\u00f3n y el sentimiento con el que tantas personas compartieron sus historias, dej\u00e1ndonos entrar en su intimidad en este momento tan importante o tan extra\u00f1o que estamos viviendo. La variedad de objetos seleccionados por los participantes es muy interesante, desde computadoras y aparatos de ejercicio, hilos para bordar o tejer, hasta una s\u00e1bana con la que una abuela puede abrazar a sus nietos o un gel de una t\u00eda que ya no est\u00e1 aqu\u00ed&#8221;, menciona Mariana P\u00e9rez, la coordinadora de la exposici\u00f3n.<\/p>\n\n\n\n<p>Cada una de las personas ha vivido este confinamiento de manera diferente, por lo que dicha exposici\u00f3n nos puede mostrar cu\u00e1l ha sido la experiencia de otros durante la cuarentena. En las im\u00e1genes se pueden percibir la tristeza, el cansancio, la diversi\u00f3n, el miedo, aburrimiento, tranquilidad o la creatividad.<\/p>\n\n\n\n<p>La exposici\u00f3n se puso en marcha desde el pasado 1 de julio y la puedes checar aqu\u00ed. Tambi\u00e9n ver\u00e1s una hamaca, un libro, un par de tenis, un trampol\u00edn, una silla, una computadora, aud\u00edfonos, una videocasetera, entre muchos m\u00e1s.<\/p>\n\n\n\n<p>La historia de cada uno de los artefactos podr\u00e1s conocerla solamente d\u00e1ndole clic a la imagen.<\/p>\n\n\n\n<p>Si deseas formar parte de la exposici\u00f3n &#8220;Los Objetos del Confinamiento&#8221; a\u00fan puedes hacerlo. La convocatoria permanecer\u00e1 abierta todo el mes de julio y seguir\u00e1 seleccionando nuevos objetos para mostrarlos en la exposici\u00f3n.<\/p>\n","protected":false},"excerpt":{"rendered":"<p>Para su realizaci\u00f3n, se hizo una invitaci\u00f3n al p\u00fablico para que compartieran las fotograf\u00edas de los objetos que cobraron gran valor durante estos meses<\/p>\n","protected":false},"author":81,"featured_media":0,"comment_status":"closed","ping_status":"open","sticky":false,"template":"","format":"standard","meta":{"footnotes":""},"categories":[41],"tags":[],"class_list":["post-122333","post","type-post","status-publish","format-standard","hentry","category-arteria-cultural"],"_links":{"self":[{"href":"https:\/\/plazajuarez.mx\/historico\/wp-json\/wp\/v2\/posts\/122333","targetHints":{"allow":["GET"]}}],"collection":[{"href":"https:\/\/plazajuarez.mx\/historico\/wp-json\/wp\/v2\/posts"}],"about":[{"href":"https:\/\/plazajuarez.mx\/historico\/wp-json\/wp\/v2\/types\/post"}],"author":[{"embeddable":true,"href":"https:\/\/plazajuarez.mx\/historico\/wp-json\/wp\/v2\/users\/81"}],"replies":[{"embeddable":true,"href":"https:\/\/plazajuarez.mx\/historico\/wp-json\/wp\/v2\/comments?post=122333"}],"version-history":[{"count":0,"href":"https:\/\/plazajuarez.mx\/historico\/wp-json\/wp\/v2\/posts\/122333\/revisions"}],"wp:attachment":[{"href":"https:\/\/plazajuarez.mx\/historico\/wp-json\/wp\/v2\/media?parent=122333"}],"wp:term":[{"taxonomy":"category","embeddable":true,"href":"https:\/\/plazajuarez.mx\/historico\/wp-json\/wp\/v2\/categories?post=122333"},{"taxonomy":"post_tag","embeddable":true,"href":"https:\/\/plazajuarez.mx\/historico\/wp-json\/wp\/v2\/tags?post=122333"}],"curies":[{"name":"wp","href":"https:\/\/api.w.org\/{rel}","templated":true}]}}