{"id":122329,"date":"2020-07-06T06:00:00","date_gmt":"2020-07-06T11:00:00","guid":{"rendered":"https:\/\/plazajuarez.mx\/?p=122329"},"modified":"2020-07-05T23:36:26","modified_gmt":"2020-07-06T04:36:26","slug":"cae-feminicida-de-joven-mujer-y-su-bebe","status":"publish","type":"post","link":"https:\/\/plazajuarez.mx\/historico\/cae-feminicida-de-joven-mujer-y-su-bebe\/","title":{"rendered":"Cae feminicida de joven mujer y su beb\u00e9"},"content":{"rendered":"\n<ul class=\"wp-block-list\"><li><strong>El 28 de junio, Polic\u00eda de Ejutla localiz\u00f3 restos calcinados de la joven y de su beb\u00e9<\/strong><\/li><\/ul>\n\n\n\n<!--more-->\n\n\n\n<p>La Fiscal\u00eda General de Oaxaca (FGEO) inform\u00f3 que aprehendieron al presunto feminicida de Mar\u00eda Concepci\u00f3n, adolescente de 17 a\u00f1os que fue asesinada junto a Alexander, su beb\u00e9 de un a\u00f1o y 10 meses, en Ejutla de Crespo.<\/p>\n\n\n\n<p>El domingo 28 de junio, elementos de la Polic\u00eda municipal de San Miguel Ejutla localizaron los restos calcinados de la adolescente y del peque\u00f1o, tras acudir a sofocar un incendio en el cerro El Mexicano. De acuerdo con las primeras versiones, las v\u00edctimas pudieron ser quemadas vivas.<\/p>\n\n\n\n<p>Tras el hallazgo de los cuerpos, la fiscal\u00eda inform\u00f3 que personal especializado en feminicidios realiz\u00f3 las pesquisas, el doble crimen se investiga bajo este protocolo, hasta que se determine el m\u00f3vil.<\/p>\n\n\n\n<p>El feminicidio de Mar\u00eda Concepci\u00f3n, alumna del Colegio de Bachilleres de Oaxaca (Cobao), caus\u00f3 indignaci\u00f3n entre los habitantes de San Miguel Ejutla, as\u00ed como entre la comunidad del plantel 11 donde estudiaba la joven.<\/p>\n\n\n\n<p>De acuerdo con la FGEO, el detenido identificado como J. A. R. R, es ex pareja sentimental de la v\u00edctima.<\/p>\n","protected":false},"excerpt":{"rendered":"<p>El 28 de junio, Polic\u00eda de Ejutla localiz\u00f3 restos calcinados de la joven y de su beb\u00e9<\/p>\n","protected":false},"author":81,"featured_media":0,"comment_status":"closed","ping_status":"open","sticky":false,"template":"","format":"standard","meta":{"footnotes":""},"categories":[37],"tags":[],"class_list":["post-122329","post","type-post","status-publish","format-standard","hentry","category-barandilla"],"_links":{"self":[{"href":"https:\/\/plazajuarez.mx\/historico\/wp-json\/wp\/v2\/posts\/122329","targetHints":{"allow":["GET"]}}],"collection":[{"href":"https:\/\/plazajuarez.mx\/historico\/wp-json\/wp\/v2\/posts"}],"about":[{"href":"https:\/\/plazajuarez.mx\/historico\/wp-json\/wp\/v2\/types\/post"}],"author":[{"embeddable":true,"href":"https:\/\/plazajuarez.mx\/historico\/wp-json\/wp\/v2\/users\/81"}],"replies":[{"embeddable":true,"href":"https:\/\/plazajuarez.mx\/historico\/wp-json\/wp\/v2\/comments?post=122329"}],"version-history":[{"count":0,"href":"https:\/\/plazajuarez.mx\/historico\/wp-json\/wp\/v2\/posts\/122329\/revisions"}],"wp:attachment":[{"href":"https:\/\/plazajuarez.mx\/historico\/wp-json\/wp\/v2\/media?parent=122329"}],"wp:term":[{"taxonomy":"category","embeddable":true,"href":"https:\/\/plazajuarez.mx\/historico\/wp-json\/wp\/v2\/categories?post=122329"},{"taxonomy":"post_tag","embeddable":true,"href":"https:\/\/plazajuarez.mx\/historico\/wp-json\/wp\/v2\/tags?post=122329"}],"curies":[{"name":"wp","href":"https:\/\/api.w.org\/{rel}","templated":true}]}}