{"id":122328,"date":"2020-07-06T06:00:00","date_gmt":"2020-07-06T11:00:00","guid":{"rendered":"https:\/\/plazajuarez.mx\/?p=122328"},"modified":"2020-07-05T23:32:53","modified_gmt":"2020-07-06T04:32:53","slug":"detienen-a-tres-por-masacre-de-27-personas-en-irapuato","status":"publish","type":"post","link":"https:\/\/plazajuarez.mx\/historico\/detienen-a-tres-por-masacre-de-27-personas-en-irapuato\/","title":{"rendered":"Detienen a tres por masacre de 27 personas en Irapuato"},"content":{"rendered":"\n<ul class=\"wp-block-list\"><li><strong>Al menos siete hombres participaron; por su parte, \u201cEl Marro\u201d se deslind\u00f3 de los asesinatos<\/strong><\/li><\/ul>\n\n\n\n<!--more-->\n\n\n\n<p>Tres presuntos responsables de la masacre registrada el pasado 1 de julio en un centro de rehabilitaci\u00f3n de Irapuato, en el que fueron asesinadas 27 personas, fueron detenidos este domingo, inform\u00f3 la Fiscal\u00eda General del Estado de Guanajuato. A trav\u00e9s de un comunicado, la dependencia inform\u00f3 que \u201cestas personas fueron detenidas en un operativo conjunto entre el Grupo Especial de Reacci\u00f3n e Intervenci\u00f3n (GERI) de la Agencia de Investigaci\u00f3n Criminal\u201d, de la Fiscal\u00eda estatal y el Grupo T\u00e1ctico Guanajuato. El documento agrega que este lunes el Fiscal General de Guanajuato, Carlos Zamarripa, dar\u00e1 m\u00e1s detalles. En el ataque contra el centro de rehabilitaci\u00f3n \u201cRecuperando mi Vida\u201d fueron asesinados 27 j\u00f3venes, 24 fueron encontrados muertos en el lugar y tres m\u00e1s fallecieron posteriormente en el hospital, cuatro personas m\u00e1s contin\u00faan hospitalizados. El viernes pasado, el fiscal estatal inform\u00f3 que, de acuerdo con sus investigaciones, al menos siete hombres participaron en la masacre.<br>\u201c<strong>El Marro\u201d se deslinda<\/strong><strong><br><\/strong>Jos\u00e9 Antonio Y\u00e9pez Ortiz \u201cEl Marro\u201d, l\u00edder del C\u00e1rtel Santa Rosa de Lima, se deslind\u00f3 del ataque al anexo. En un audio que circul\u00f3 en redes sociales con su imagen y la de Nemesio Oseguera, cabeza del C\u00e1rtel Jalisco Nueva Generaci\u00f3n (CJNG), &#8220;El Mecho&#8221;, dice que nada tuvo que ver con el ataque al anexo ni con otros asuntos que le han querido \u201cenchalecar\u201d. \u201cY yo les quiero hacer saber que yo con ese anexo no tuve nada que ver\u201d.<\/p>\n","protected":false},"excerpt":{"rendered":"<p>Al menos siete hombres participaron; por su parte, \u201cEl Marro\u201d se deslind\u00f3 de los asesinatos<\/p>\n","protected":false},"author":81,"featured_media":0,"comment_status":"closed","ping_status":"open","sticky":false,"template":"","format":"standard","meta":{"footnotes":""},"categories":[37],"tags":[],"class_list":["post-122328","post","type-post","status-publish","format-standard","hentry","category-barandilla"],"_links":{"self":[{"href":"https:\/\/plazajuarez.mx\/historico\/wp-json\/wp\/v2\/posts\/122328","targetHints":{"allow":["GET"]}}],"collection":[{"href":"https:\/\/plazajuarez.mx\/historico\/wp-json\/wp\/v2\/posts"}],"about":[{"href":"https:\/\/plazajuarez.mx\/historico\/wp-json\/wp\/v2\/types\/post"}],"author":[{"embeddable":true,"href":"https:\/\/plazajuarez.mx\/historico\/wp-json\/wp\/v2\/users\/81"}],"replies":[{"embeddable":true,"href":"https:\/\/plazajuarez.mx\/historico\/wp-json\/wp\/v2\/comments?post=122328"}],"version-history":[{"count":0,"href":"https:\/\/plazajuarez.mx\/historico\/wp-json\/wp\/v2\/posts\/122328\/revisions"}],"wp:attachment":[{"href":"https:\/\/plazajuarez.mx\/historico\/wp-json\/wp\/v2\/media?parent=122328"}],"wp:term":[{"taxonomy":"category","embeddable":true,"href":"https:\/\/plazajuarez.mx\/historico\/wp-json\/wp\/v2\/categories?post=122328"},{"taxonomy":"post_tag","embeddable":true,"href":"https:\/\/plazajuarez.mx\/historico\/wp-json\/wp\/v2\/tags?post=122328"}],"curies":[{"name":"wp","href":"https:\/\/api.w.org\/{rel}","templated":true}]}}