{"id":122327,"date":"2020-07-06T06:00:00","date_gmt":"2020-07-06T11:00:00","guid":{"rendered":"https:\/\/plazajuarez.mx\/?p=122327"},"modified":"2020-07-05T23:31:38","modified_gmt":"2020-07-06T04:31:38","slug":"en-una-balacera-madrugadora-dos-resultan-lesionados","status":"publish","type":"post","link":"https:\/\/plazajuarez.mx\/historico\/en-una-balacera-madrugadora-dos-resultan-lesionados\/","title":{"rendered":"En una balacera madrugadora, dos resultan lesionados"},"content":{"rendered":"\n<ul class=\"wp-block-list\"><li><strong>Se inform\u00f3 que los afectados fueron agredidos desde otro veh\u00edculo en movimiento<\/strong><\/li><\/ul>\n\n\n\n<!--more-->\n\n\n\n<p>La madrugada de ayer, dos hombres salvaron la vida, luego de ser atacados con armas de fuego, cuando circulaban por la carretera Mixquiahuala-Tlahuelilpan, a la altura del lugar conocido como \u201cEl Caballito\u201d, pero fueron canalizados de emergencia a un nosocomio, ya que resultaron lesionados de gravedad.<\/p>\n\n\n\n<p>La agresi\u00f3n se report\u00f3 al 911 de Emergencias y v\u00eda radio se avis\u00f3 a las corporaciones policiales de la regi\u00f3n y a los cuerpos de socorro.<\/p>\n\n\n\n<p>La movilizaci\u00f3n de elementos polic\u00edacos fue inmediata y se trasladaron al lugar para tomar conocimiento de lo acontecido.<\/p>\n\n\n\n<p>Polic\u00edas municipales y estatales corroboraron que se trat\u00f3 de un ataque armado contra los ocupantes de un veh\u00edculo que transitaba por la carretera antes descrita, en la que dos hombres fueron lesionados por&nbsp; proyectil de armas de fuego.<\/p>\n\n\n\n<p>As\u00ed mismo se dijo que los afectados fueron agredidos desde otro veh\u00edculo en movimiento y a la hora del ataque, el conductor result\u00f3 lesionado pero aceler\u00f3 la marcha del automotor y se dio a la fuga, para posteriormente pedir ayuda.<\/p>\n","protected":false},"excerpt":{"rendered":"<p>Se inform\u00f3 que los afectados fueron agredidos desde otro veh\u00edculo en movimiento<\/p>\n","protected":false},"author":93,"featured_media":0,"comment_status":"closed","ping_status":"open","sticky":false,"template":"","format":"standard","meta":{"footnotes":""},"categories":[37],"tags":[],"class_list":["post-122327","post","type-post","status-publish","format-standard","hentry","category-barandilla"],"_links":{"self":[{"href":"https:\/\/plazajuarez.mx\/historico\/wp-json\/wp\/v2\/posts\/122327","targetHints":{"allow":["GET"]}}],"collection":[{"href":"https:\/\/plazajuarez.mx\/historico\/wp-json\/wp\/v2\/posts"}],"about":[{"href":"https:\/\/plazajuarez.mx\/historico\/wp-json\/wp\/v2\/types\/post"}],"author":[{"embeddable":true,"href":"https:\/\/plazajuarez.mx\/historico\/wp-json\/wp\/v2\/users\/93"}],"replies":[{"embeddable":true,"href":"https:\/\/plazajuarez.mx\/historico\/wp-json\/wp\/v2\/comments?post=122327"}],"version-history":[{"count":0,"href":"https:\/\/plazajuarez.mx\/historico\/wp-json\/wp\/v2\/posts\/122327\/revisions"}],"wp:attachment":[{"href":"https:\/\/plazajuarez.mx\/historico\/wp-json\/wp\/v2\/media?parent=122327"}],"wp:term":[{"taxonomy":"category","embeddable":true,"href":"https:\/\/plazajuarez.mx\/historico\/wp-json\/wp\/v2\/categories?post=122327"},{"taxonomy":"post_tag","embeddable":true,"href":"https:\/\/plazajuarez.mx\/historico\/wp-json\/wp\/v2\/tags?post=122327"}],"curies":[{"name":"wp","href":"https:\/\/api.w.org\/{rel}","templated":true}]}}