{"id":122326,"date":"2020-07-06T06:00:00","date_gmt":"2020-07-06T11:00:00","guid":{"rendered":"https:\/\/plazajuarez.mx\/?p=122326"},"modified":"2020-07-05T23:30:36","modified_gmt":"2020-07-06T04:30:36","slug":"ayer-reportaron-a-un-joven-de-15-anos-de-edad-como-desaparecido-familia-lo-busca","status":"publish","type":"post","link":"https:\/\/plazajuarez.mx\/historico\/ayer-reportaron-a-un-joven-de-15-anos-de-edad-como-desaparecido-familia-lo-busca\/","title":{"rendered":"Ayer, reportaron a un joven de 15 a\u00f1os de edad, como desaparecido, familia lo busca"},"content":{"rendered":"\n<ul class=\"wp-block-list\"><li><strong>La \u00faltima vez que se le vio y se tuvo contacto con \u00e9l, fue en la casa de una t\u00eda<\/strong><\/li><\/ul>\n\n\n\n<!--more-->\n\n\n\n<p>El jovencito Aar\u00f3n Ch\u00e1vez Valdez de 15 a\u00f1os de edad, se extravi\u00f3 este domingo en el municipio de Pachuca y sus familiares ya lo reportaron como desaparecido, por lo que solicitan la ayuda tanto de las autoridades, como de la ciudadan\u00eda en general, para tratar de dar con su localizaci\u00f3n.<\/p>\n\n\n\n<p>Sobre la \u00faltima vez que se le vio y se tuvo contacto con \u00e9l, se inform\u00f3 que fue en la casa de una de sus t\u00edas, que vive en la colonia de San Antonio el Desmonte de Pachuca.<\/p>\n\n\n\n<p>Luego de su prolongada ausencia, se le pregunt\u00f3 a parientes y amigos, pero nadie supo dar raz\u00f3n de d\u00f3nde y c\u00f3mo pueda encontrarse.<\/p>\n\n\n\n<p>Como se\u00f1a distintiva, se inform\u00f3 que tiene una leve cicatriz en la barbilla, que es de ojos chicos, color caf\u00e9 claro y usa anteojos.<\/p>\n\n\n\n<p>Al momento de salir de su domicilio, vest\u00eda pantal\u00f3n negro, una playera de cuello en \u201cV\u201d, palo de rosa, sudadera rosa y tenis azul marino.<\/p>\n","protected":false},"excerpt":{"rendered":"<p>La \u00faltima vez que se le vio y se tuvo contacto con \u00e9l, fue en la casa de una t\u00eda<\/p>\n","protected":false},"author":93,"featured_media":0,"comment_status":"closed","ping_status":"open","sticky":false,"template":"","format":"standard","meta":{"footnotes":""},"categories":[37],"tags":[],"class_list":["post-122326","post","type-post","status-publish","format-standard","hentry","category-barandilla"],"_links":{"self":[{"href":"https:\/\/plazajuarez.mx\/historico\/wp-json\/wp\/v2\/posts\/122326","targetHints":{"allow":["GET"]}}],"collection":[{"href":"https:\/\/plazajuarez.mx\/historico\/wp-json\/wp\/v2\/posts"}],"about":[{"href":"https:\/\/plazajuarez.mx\/historico\/wp-json\/wp\/v2\/types\/post"}],"author":[{"embeddable":true,"href":"https:\/\/plazajuarez.mx\/historico\/wp-json\/wp\/v2\/users\/93"}],"replies":[{"embeddable":true,"href":"https:\/\/plazajuarez.mx\/historico\/wp-json\/wp\/v2\/comments?post=122326"}],"version-history":[{"count":0,"href":"https:\/\/plazajuarez.mx\/historico\/wp-json\/wp\/v2\/posts\/122326\/revisions"}],"wp:attachment":[{"href":"https:\/\/plazajuarez.mx\/historico\/wp-json\/wp\/v2\/media?parent=122326"}],"wp:term":[{"taxonomy":"category","embeddable":true,"href":"https:\/\/plazajuarez.mx\/historico\/wp-json\/wp\/v2\/categories?post=122326"},{"taxonomy":"post_tag","embeddable":true,"href":"https:\/\/plazajuarez.mx\/historico\/wp-json\/wp\/v2\/tags?post=122326"}],"curies":[{"name":"wp","href":"https:\/\/api.w.org\/{rel}","templated":true}]}}