{"id":122286,"date":"2020-07-05T06:00:00","date_gmt":"2020-07-05T11:00:00","guid":{"rendered":"https:\/\/plazajuarez.mx\/?p=122286"},"modified":"2020-07-05T00:38:34","modified_gmt":"2020-07-05T05:38:34","slug":"piden-ciclistas-mas-proyectos-beneficios","status":"publish","type":"post","link":"https:\/\/plazajuarez.mx\/historico\/piden-ciclistas-mas-proyectos-beneficios\/","title":{"rendered":"Piden ciclistas m\u00e1s proyectos beneficios"},"content":{"rendered":"\n<ul class=\"wp-block-list\"><li><strong>Refieren que la Zona Metropolitana de Pachuca es de las siete \u00e1reas conurbadas del pa\u00eds que m\u00e1s gastan en infraestructura vehicular\u00a0<\/strong><\/li><\/ul>\n\n\n\n<!--more-->\n\n\n\n<p>El colectivo Revoluci\u00f3n Urbana lanz\u00f3 un exhorto al gobierno estatal y al municipal de Pachuca, en el que pidieron que se puedan crear nuevas opciones de movilidad sana y eficiente, esto ante la presencia de la pandemia del Covid-19, y que entre las propuestas se encuentra la creaci\u00f3n de ciclopistas emergentes, con la posibilidad que se vuelvan permanentes.&nbsp;<\/p>\n\n\n\n<p>En primer lugar, este colectivo expres\u00f3 que la necesidad de crear nuevas alternativas de movilidad en la capital obedece a que, de acuerdo con datos de organizaciones como Greenpeace, Pachuca es la segunda de siete zonas metropolitanas que gasta m\u00e1s en infraestructura para autom\u00f3viles, esto tomando en cuenta el tama\u00f1o de la ciudad, y en comparaci\u00f3n de ciudades como Quer\u00e9taro, M\u00e9rida o Ciudad Ju\u00e1rez.&nbsp;<\/p>\n\n\n\n<p>Partiendo de este punto, la organizaci\u00f3n afirm\u00f3 que se realiz\u00f3 una encuesta con el que se buscar\u00e1 que los gobiernos locales puedan crear estrategias a partir de un proyecto integral de movilidad en bicicleta, en el que se genere infraestructura que conecte con la ya existente y se cree una red de ciclov\u00edas emergentes en las principales arterias de la ciudad, ampliando la cultura ciclista dentro de la capital hidalguense.&nbsp;<\/p>\n\n\n\n<p>As\u00ed mismo, el colectivo explic\u00f3 la finalidad de este ejercicio, en el que se destac\u00f3 la necesidad de que la poblaci\u00f3n pachuque\u00f1a pueda usar menos el transporte p\u00fablico para evitar aglomeraciones y generar un factor de riesgo de contagio de Covid-19, as\u00ed como el evitar promover el uso del autom\u00f3vil particular en una etapa post pandemia.&nbsp;<\/p>\n\n\n\n<p>Manifestaron que el proyecto de la reducci\u00f3n de movilidad implementada por el gobierno estatal como respuesta al incremento de los contagios en las principales zonas de Hidalgo no ha cumplido dicha funci\u00f3n, y que, por el contrario, ha provocado un incremento en el uso del transporte p\u00fablico, por lo que instaron a que se brinden opciones, tal como el uso de medios sustentables como la bicicleta.<\/p>\n","protected":false},"excerpt":{"rendered":"<p>Refieren que la Zona Metropolitana de Pachuca es de las siete \u00e1reas conurbadas del pa\u00eds que m\u00e1s gastan en infraestructura vehicular\u00a0<\/p>\n","protected":false},"author":93,"featured_media":0,"comment_status":"closed","ping_status":"open","sticky":false,"template":"","format":"standard","meta":{"footnotes":""},"categories":[59],"tags":[],"class_list":["post-122286","post","type-post","status-publish","format-standard","hentry","category-general"],"_links":{"self":[{"href":"https:\/\/plazajuarez.mx\/historico\/wp-json\/wp\/v2\/posts\/122286","targetHints":{"allow":["GET"]}}],"collection":[{"href":"https:\/\/plazajuarez.mx\/historico\/wp-json\/wp\/v2\/posts"}],"about":[{"href":"https:\/\/plazajuarez.mx\/historico\/wp-json\/wp\/v2\/types\/post"}],"author":[{"embeddable":true,"href":"https:\/\/plazajuarez.mx\/historico\/wp-json\/wp\/v2\/users\/93"}],"replies":[{"embeddable":true,"href":"https:\/\/plazajuarez.mx\/historico\/wp-json\/wp\/v2\/comments?post=122286"}],"version-history":[{"count":0,"href":"https:\/\/plazajuarez.mx\/historico\/wp-json\/wp\/v2\/posts\/122286\/revisions"}],"wp:attachment":[{"href":"https:\/\/plazajuarez.mx\/historico\/wp-json\/wp\/v2\/media?parent=122286"}],"wp:term":[{"taxonomy":"category","embeddable":true,"href":"https:\/\/plazajuarez.mx\/historico\/wp-json\/wp\/v2\/categories?post=122286"},{"taxonomy":"post_tag","embeddable":true,"href":"https:\/\/plazajuarez.mx\/historico\/wp-json\/wp\/v2\/tags?post=122286"}],"curies":[{"name":"wp","href":"https:\/\/api.w.org\/{rel}","templated":true}]}}