{"id":122126,"date":"2020-07-04T06:42:28","date_gmt":"2020-07-04T11:42:28","guid":{"rendered":"https:\/\/plazajuarez.mx\/?p=122126"},"modified":"2020-07-04T06:42:46","modified_gmt":"2020-07-04T11:42:46","slug":"un-infierno-bonito-1528","status":"publish","type":"post","link":"https:\/\/plazajuarez.mx\/historico\/un-infierno-bonito-1528\/","title":{"rendered":"UN INFIERNO BONITO"},"content":{"rendered":"\n<h1 class=\"wp-block-heading\"><strong>\u201cEL GENERAL\u201d<\/strong><\/h1>\n\n\n\n<!--more-->\n\n\n\n<p>Est\u00e1bamos en la cantina \u201cEl Rel\u00e1mpago\u201d del barrio de \u201cLa Palma\u201d, \u201cEl Baldo\u201d, \u201cEl chocolate\u201d y yo, platicando muy tranquilos, de momento&nbsp; se abrieron las persianas y se meti\u00f3 un viejo con un sombrero ancho;&nbsp; era chaparro, sin dientes, con una chaqueta de militar, ten\u00eda cara de chango y grit\u00f3:&nbsp;<\/p>\n\n\n\n<ul class=\"wp-block-list\"><li>\u00a1Viva mi general Felipe \u00c1ngeles, mi general Villa, mi general Zapata y chin, chin, el que diga que no!<\/li><\/ul>\n\n\n\n<p>Todo el barrio lo conoc\u00eda, era un pinche viejo, le dec\u00edan \u201cEl General\u201d se comentaba que de joven se lo llevaron a la Revoluci\u00f3n y anduvo entre las bolas de Pancho Villa.<\/p>\n\n\n\n<p>Lo llamamos, para que se fuera a echar un pulque.<\/p>\n\n\n\n<ul class=\"wp-block-list\"><li>\u00a1Mi general, v\u00e9nganse con nosotros!<\/li><li>Acepto, porque me gusta brindar con pendejos, burros, soldados rasos, reclutas infelices, que no sirven para hacer trincheras.<\/li><\/ul>\n\n\n\n<p>Jal\u00f3 una silla, tom\u00f3 la jarra del pulque que ten\u00edamos y se la empin\u00f3, se tom\u00f3 como medio litro y nos dijo:<\/p>\n\n\n\n<ul class=\"wp-block-list\"><li>Yo recorr\u00ed la mayor parte de los Estados del norte, conoc\u00ed al general Francisco Villa, me dedic\u00f3 su retrato!<\/li><li>\u00a1No sea pinche chismoso!<\/li><li>\u00a1Me cae de madres!<\/li><\/ul>\n\n\n\n<p>Se quit\u00f3 el sombrero y de adentro sac\u00f3 una fotograf\u00eda del general Francisco Villa, todo arrugada y manchada, con letras que no se le entend\u00edan.<\/p>\n\n\n\n<ul class=\"wp-block-list\"><li>\u00a1Vean bien la foto! Y lean la dedicatoria, para que sepan qui\u00e9n soy yo.<\/li><\/ul>\n\n\n\n<p>\u201cEl Baldo\u201d agarr\u00f3 la foto y nos dijo:<\/p>\n\n\n\n<ul class=\"wp-block-list\"><li>\u00a1Si es verdad! Aqu\u00ed dice: \u201cCon todo cari\u00f1o para mi caballo\u201d<\/li><\/ul>\n\n\n\n<p>\u201cEl General\u201d le arrebat\u00f3 la foto y la volvi\u00f3 a meter en su sombrero, todos los que estaban en la cantina se juntaron y se sentaron en rueda para escucharlo y le hac\u00edan preguntas.<\/p>\n\n\n\n<ul class=\"wp-block-list\"><li>\u00bfQu\u00e9 rango ten\u00eda en la Revoluci\u00f3n?<\/li><li>\u00a1Fui coronel!<\/li><li>\u00a1Ni madres, nos dijeron que usted le limpiaba la pistola al general y le tocaba la corneta!<\/li><\/ul>\n\n\n\n<p>Nos mir\u00f3 fijamente, al verlo, nos daba mucha risa, me cae que ten\u00eda cara de changuito, se ech\u00f3 otros tragos de pulque y nos dijo:<\/p>\n\n\n\n<ul class=\"wp-block-list\"><li>Por lo que veo, ustedes no saben que yo pertenezco al Partido de Veteranos de la Revoluci\u00f3n, si me siguen vacilando voy a ir a mi casa, sacar\u00e9 mi carabina 30-30 y les voy a dar un balazo a media madre.<\/li><li>\u00bfOiga General, usted le entraba a las batallas o se hac\u00eda pendejo?<\/li><li>\u00a1Yo fui de los meros bravos, de los dorados! Peleaba con mucho valor, al escuchar el toque de Diana, me pon\u00eda mis carrilleras y sal\u00eda con mi rifle, listo para entrarle a los madrazos, en el campo fui un cabr\u00f3n, tomaba siempre la vanguardia y no daba un paso para atr\u00e1s.<\/li><li>\u00bfNi un paso atr\u00e1s? Ese es el nombre de una pel\u00edcula. As\u00ed dicen los soldados de Estados Unidos!<\/li><li>\u00a1Ah, chinga! Entonces esos g\u00fceyes me la copiaron, porque jam\u00e1s retroced\u00ed. Pel\u00f3n que ten\u00eda en la mira, pel\u00f3n que val\u00eda madres!<\/li><li>\u00a1Y de&nbsp; mujeres \u00bfQu\u00e9? Usted ha de haber sido todo un gal\u00e1n, mi \u201cGeneral\u201d!<\/li><li>\u00a1Tuve muchas mujeres!<\/li><li>\u00bfAndaba con todas?<\/li><li>\u00a1S\u00ed!<\/li><li>\u00a1Pero con todas las nalgas de fuera!<\/li><li>\u00bfDe verdad usted fue muy ching\u00f3n para las viejas?<\/li><li>\u00a1Tuve una novia, que la quise mucho, le dec\u00edan Maria Calzones!<\/li><li>\u00a1Le bajo, a jalones!<\/li><li>Las viejas me buscaban&nbsp; y yo por su amor me val\u00eda madre morir, con decirles que un d\u00eda hubo un baile en el cuartel, bail\u00e9 de cachetito con la Adelita, delante del coronel que la respetaba y del sargento que la idolatraba y no me chistaron nada<\/li><\/ul>\n\n\n\n<p>El General agarr\u00f3 la jarra del pulque y al verla vac\u00eda, protest\u00f3:<\/p>\n\n\n\n<ul class=\"wp-block-list\"><li>\u00bfQu\u00e9 no hay parque?<\/li><\/ul>\n\n\n\n<p>Le dijo \u201cEl Chocolate\u201d:<\/p>\n\n\n\n<ul class=\"wp-block-list\"><li>\u00a1Cantinero! S\u00edrvele a mi \u201cGeneral\u201d, que tiene sed!<\/li><li>\u00a1Ya es noche, voy a cerrar, ll\u00e9vense a su pinche \u201cGeneral\u201d a otro lado.<\/li><li>\u00bfOy\u00f3 mi \u201cGeneral\u201d? Lo que dijo el cantinero.<\/li><\/ul>\n\n\n\n<p>El general se levant\u00f3 y le dijo al cantinero:<\/p>\n\n\n\n<ul class=\"wp-block-list\"><li>\u00a1Por tu santa madre! Es mejor que me sirvas o aqu\u00ed mismo te puedo formar consejo de Guerra y te paso por mi arma.<\/li><li>\u00a1Pero ya es el \u00faltimo! Se lo advierto.<\/li><li>\u00a1A ver mi \u201cGeneral\u201d! Cu\u00e9ntenos algo de una de sus batallas!<\/li><li>\u00a1D\u00e9jenme inspirarme! Porque lo que les voy a contar, qued\u00f3 escrito en la historia: De una gran batalla, salimos de Torre\u00f3n derrotados, nos hab\u00edan rajado la madre. De un valiente regimiento, regres\u00e1bamos unos 100 hombres, caminando por la sierra sin comer, sin beber. Unos a pata y otros a caballo, llevando muchos heridos. Despu\u00e9s de varios d\u00edas de caminar, abordamos un tren que iba al norte.&nbsp;<\/li><\/ul>\n\n\n\n<p>Nos pusimos a la orden del general Orozco y tomamos tierra para descansar, lleg\u00f3 el asistente del general Villa, conocido como \u201cFierro\u201d. Ah\u00ed lo conoc\u00ed.<\/p>\n\n\n\n<p>El cantinero le pregunt\u00f3:<\/p>\n\n\n\n<ul class=\"wp-block-list\"><li>Mi \u201cGeneral\u201d, \u00bfa poco usted no conoc\u00eda&nbsp; el Fierro?<\/li><li>\u00a1No, f\u00edjate que no!<\/li><li>\u00a1Me hubiera dicho y yo se lo hubiera ense\u00f1ado!<\/li><li>\u00a1C\u00e1llate! Siga cont\u00e1ndonos mi General.<\/li><li>\u00a1Nos dijo \u201cFierro\u201d, que por orden del general Villa, nos prepar\u00e1ramos para tomar Zacatecas. La lucha fue a calz\u00f3n quitado, y me hice de coraz\u00f3n duro. Pero bien duro. Que nos aventamos como el pinch\u00e9 \u201cGorras\u201d a lo pendejo,&nbsp; nos estaban dando hasta por debajo de la lengua. De pronto, sent\u00ed un fuerte dolor en el pecho,,me dieron un balazo en el coraz\u00f3n.<\/li><\/ul>\n\n\n\n<p>Todos se quedaron callados mir\u00e1ndolo. Tom\u00f3 la jarra de pulque y se la empin\u00f3,&nbsp; seguimos callados esperando que nos siguiera contando. Sac\u00f3 su colilla de cigarro, la prendi\u00f3 y se la fum\u00f3. Uno de los que los que est\u00e1bamos escuch\u00e1ndolo, le pregunt\u00f3:<\/p>\n\n\n\n<ul class=\"wp-block-list\"><li>\u00bfQu\u00e9 pas\u00f3 con el balazo que le dieron en el coraz\u00f3n?<\/li><li>Pues, \u00bfno les dije que me hab\u00eda hecho de coraz\u00f3n duro?<\/li><li>\u00a1S\u00ed!<\/li><li>\u00a1La bala no entr\u00f3!<\/li><li>\u00a1No mame, pinche \u201cGeneral\u201d, porque lo vamos a sacar!&nbsp;<\/li><li>Es verdad, a nosotros lo que nos falt\u00f3 para ganar la Revoluci\u00f3n, fue parque. La estrategia militar la ten\u00edamos bien medida. Ya ven los pinches gringos, por poco y pierden la guerra con Jap\u00f3n. Les faltaba estrategia.<\/li><li>\u00bfPor qu\u00e9 mi General?<\/li><li>Ya ven que los japoneses son todos iguales. Pues los pendejos mataban siempre al mismo.<\/li><\/ul>\n\n\n\n<p>Tocaron la puerta y se oy\u00f3 la voz de una viejita, que le pregunt\u00f3 al cantinero:<\/p>\n\n\n\n<ul class=\"wp-block-list\"><li>\u00a1Se\u00f1or \u201cGuazaras\u201d, \u00bfNo est\u00e1 por ah\u00ed \u201cEl General\u201d?<\/li><li>\u00a1S\u00ed, se\u00f1ora!<\/li><\/ul>\n\n\n\n<p>\u201cEl General\u201d le hac\u00eda se\u00f1as al cantinero.<\/p>\n\n\n\n<ul class=\"wp-block-list\"><li>\u00a1Dile que no estoy!<\/li><\/ul>\n\n\n\n<p>La se\u00f1ora, desde afuera, le grit\u00f3:<\/p>\n\n\n\n<ul class=\"wp-block-list\"><li>\u00a1Ya te estoy oyendo, viejo cabr\u00f3n! Sales o te saco de las gre\u00f1as.<\/li><\/ul>\n\n\n\n<p>\u201cEl General\u201d se levant\u00f3, se iba de un lado a otro y dijo:<\/p>\n\n\n\n<ul class=\"wp-block-list\"><li>Por esta vez toco retirada, para entregarme al enemigo. Nos vemos para la otra muchachitos hijos del mono!<\/li><\/ul>\n\n\n\n<p>Al salir de la cantina, su vieja lo rega\u00f1\u00f3.<\/p>\n\n\n\n<ul class=\"wp-block-list\"><li>\u00a1Ya ni la amuelas, Samuel, nom\u00e1s te la pasas en la cantina. Te mando a comprar ma\u00edz porque los pollos no han comido, te estoy esperando con el ma\u00edz.<\/li><li>\u00bfCual ma\u00edz?<\/li><li>El que te mand\u00e9 a comprar,&nbsp; no te hagas guaje, porque te rajo la madre. Y llegando a la casa no te voy a fusilar, por desobediente te voy agarrar a palos t\u00fa hubieras sido soldado, pero del hocico.<\/li><\/ul>\n","protected":false},"excerpt":{"rendered":"<p>\u201cEL GENERAL\u201d<\/p>\n","protected":false},"author":100,"featured_media":0,"comment_status":"closed","ping_status":"open","sticky":false,"template":"","format":"standard","meta":{"footnotes":""},"categories":[43],"tags":[],"class_list":["post-122126","post","type-post","status-publish","format-standard","hentry","category-un-infierno-bonito"],"_links":{"self":[{"href":"https:\/\/plazajuarez.mx\/historico\/wp-json\/wp\/v2\/posts\/122126","targetHints":{"allow":["GET"]}}],"collection":[{"href":"https:\/\/plazajuarez.mx\/historico\/wp-json\/wp\/v2\/posts"}],"about":[{"href":"https:\/\/plazajuarez.mx\/historico\/wp-json\/wp\/v2\/types\/post"}],"author":[{"embeddable":true,"href":"https:\/\/plazajuarez.mx\/historico\/wp-json\/wp\/v2\/users\/100"}],"replies":[{"embeddable":true,"href":"https:\/\/plazajuarez.mx\/historico\/wp-json\/wp\/v2\/comments?post=122126"}],"version-history":[{"count":0,"href":"https:\/\/plazajuarez.mx\/historico\/wp-json\/wp\/v2\/posts\/122126\/revisions"}],"wp:attachment":[{"href":"https:\/\/plazajuarez.mx\/historico\/wp-json\/wp\/v2\/media?parent=122126"}],"wp:term":[{"taxonomy":"category","embeddable":true,"href":"https:\/\/plazajuarez.mx\/historico\/wp-json\/wp\/v2\/categories?post=122126"},{"taxonomy":"post_tag","embeddable":true,"href":"https:\/\/plazajuarez.mx\/historico\/wp-json\/wp\/v2\/tags?post=122126"}],"curies":[{"name":"wp","href":"https:\/\/api.w.org\/{rel}","templated":true}]}}