{"id":122125,"date":"2020-07-04T06:40:58","date_gmt":"2020-07-04T11:40:58","guid":{"rendered":"https:\/\/plazajuarez.mx\/?p=122125"},"modified":"2020-07-04T06:41:05","modified_gmt":"2020-07-04T11:41:05","slug":"con-o-sin-cubrebocas-gente-comienza-a-salir","status":"publish","type":"post","link":"https:\/\/plazajuarez.mx\/historico\/con-o-sin-cubrebocas-gente-comienza-a-salir\/","title":{"rendered":"Con o sin cubrebocas, gente comienza a salir"},"content":{"rendered":"\n<ul class=\"wp-block-list\"><li><strong>Algunos negocios reabrir\u00e1n, otros ya no<\/strong><\/li><\/ul>\n\n\n\n<!--more-->\n\n\n\n<p>A pesar de que el sem\u00e1foro epidemiol\u00f3gico regres\u00f3 a color naranja,&nbsp; con el que se establece que adem\u00e1s de las actividades econ\u00f3micas esenciales, se permitir\u00e1 que las empresas de las actividades econ\u00f3micas no esenciales trabajen con el 30 por ciento&nbsp; del personal para su funcionamiento, y no una salida masiva a la calle, en la semana que concluye, se ha percibido mayor movilidad, al menos en la zona centro de Pachuca.<\/p>\n\n\n\n<p>Por las ma\u00f1anas es com\u00fan ver c\u00f3mo el transporte p\u00fablico ha dejado de acatar el m\u00e1ximo de pasajeros permitido que debe transportar, la situaci\u00f3n se extiende al transporte Tuzob\u00fas en donde los asientos vac\u00edos se han dejado de respetar e incluso la gente que viaja no siempre porta el cubrebocas.<\/p>\n\n\n\n<p>De igual forma, en la calle, se puede apreciar c\u00f3mo algunos comercios abrieron ante la presi\u00f3n&nbsp; econ\u00f3mica que les hab\u00eda representado cerrar hasta por m\u00e1s de 2 meses; en algunos se cuentan con tapetes sanitizantes, ante la ausencia de estos insumos, otros han improvisado y colocan jergas mojadas con cloro u otros insumos sanitizantes, para desgracia de calzado de color deportivo, por ejemplo.&nbsp;<\/p>\n\n\n\n<p>Cabe destacar que el sem\u00e1foro naranja permit\u00eda tambi\u00e9n&nbsp; que \u201csiempre tomando en cuenta las medidas de cuidado m\u00e1ximo para las personas con mayor riesgo de presentar un cuadro grave de COVID-19, se abrir\u00e1n los espacios p\u00fablicos abiertos con un aforo (cantidad de personas) reducido\u201d, sin embargo, a pesar de que se regres\u00f3 a color rojo, la poblaci\u00f3n ha reaccionado a esta situaci\u00f3n como si el coronavirus hubiera sido una nube que se fue.<\/p>\n\n\n\n<p>Por su parte, las autoridades sanitarias insisten en que se deben seguir las recomendaciones, en que se debe mantener una sana distancia, en usar el cubrebocas y dem\u00e1s, pero la opini\u00f3n de la poblaci\u00f3n se ha dividido de diferente forma, entre los que no creen, los que creen pero no se cuidan, los que se mantienen en cuarentena en sus hogares, y los que atendiendo todas las recomendaciones, tienen que salir a trabajar.<\/p>\n","protected":false},"excerpt":{"rendered":"<p>Algunos negocios reabrir\u00e1n, otros ya no<\/p>\n","protected":false},"author":72,"featured_media":0,"comment_status":"closed","ping_status":"open","sticky":false,"template":"","format":"standard","meta":{"footnotes":""},"categories":[15,59],"tags":[],"class_list":["post-122125","post","type-post","status-publish","format-standard","hentry","category-destacadas","category-general"],"_links":{"self":[{"href":"https:\/\/plazajuarez.mx\/historico\/wp-json\/wp\/v2\/posts\/122125","targetHints":{"allow":["GET"]}}],"collection":[{"href":"https:\/\/plazajuarez.mx\/historico\/wp-json\/wp\/v2\/posts"}],"about":[{"href":"https:\/\/plazajuarez.mx\/historico\/wp-json\/wp\/v2\/types\/post"}],"author":[{"embeddable":true,"href":"https:\/\/plazajuarez.mx\/historico\/wp-json\/wp\/v2\/users\/72"}],"replies":[{"embeddable":true,"href":"https:\/\/plazajuarez.mx\/historico\/wp-json\/wp\/v2\/comments?post=122125"}],"version-history":[{"count":0,"href":"https:\/\/plazajuarez.mx\/historico\/wp-json\/wp\/v2\/posts\/122125\/revisions"}],"wp:attachment":[{"href":"https:\/\/plazajuarez.mx\/historico\/wp-json\/wp\/v2\/media?parent=122125"}],"wp:term":[{"taxonomy":"category","embeddable":true,"href":"https:\/\/plazajuarez.mx\/historico\/wp-json\/wp\/v2\/categories?post=122125"},{"taxonomy":"post_tag","embeddable":true,"href":"https:\/\/plazajuarez.mx\/historico\/wp-json\/wp\/v2\/tags?post=122125"}],"curies":[{"name":"wp","href":"https:\/\/api.w.org\/{rel}","templated":true}]}}