{"id":122124,"date":"2020-07-04T06:46:14","date_gmt":"2020-07-04T11:46:14","guid":{"rendered":"https:\/\/plazajuarez.mx\/?p=122124"},"modified":"2020-07-04T06:46:29","modified_gmt":"2020-07-04T11:46:29","slug":"el-gestor-de-la-desescalada-en-francia-nuevo-primer-ministro","status":"publish","type":"post","link":"https:\/\/plazajuarez.mx\/historico\/el-gestor-de-la-desescalada-en-francia-nuevo-primer-ministro\/","title":{"rendered":"El gestor de la desescalada en Francia, nuevo primer ministro"},"content":{"rendered":"\n<ul class=\"wp-block-list\"><li><strong>Jean Castex, conservador, fue designado por el presidente Emmanuel Macron&nbsp;<\/strong><\/li><\/ul>\n\n\n\n<!--more-->\n\n\n\n<p>EFE.- El conservador Jean Castex ser\u00e1 el nuevo primer ministro de Francia, despu\u00e9s de que el presidente, Emmanuel Macron, lo design\u00f3 para sustituir a \u00c9douard Philippe al frente del Gobierno, inform\u00f3 el Palacio del El\u00edseo.<\/p>\n\n\n\n<p>Castex, que como alto funcionario ha ocupado varios puestos de segundo nivel en diversos ministerios, era el encargado hasta ahora de gestionar la desescalada del confinamiento por la crisis del coronavirus.<\/p>\n\n\n\n<p>Macron apuesta por un perfil t\u00e9cnico, un hombre de la sombra que hasta hace unos meses apenas era conocido por el p\u00fablico, para dirigir el giro que quiere dar a su nuevo mandato en los dos a\u00f1os que quedan hasta las presidenciales.<\/p>\n\n\n\n<p>El presidente anunci\u00f3 este viernes en una entrevista con la prensa regional de su pa\u00eds que afronta un nuevo periodo en el que su pol\u00edtica ser\u00e1 m\u00e1s social y que tendr\u00e1 un componente m\u00e1s ecol\u00f3gico.<\/p>\n\n\n\n<p>A principios del pasado abril, Castex recibi\u00f3 el encargo de dise\u00f1ar la desescalada en Francia, lo que le oblig\u00f3 a dejar de lado la funci\u00f3n que ten\u00eda, la de coordinar a las distintas administraciones implicadas en la organizaci\u00f3n de los Juegos Ol\u00edmpicos de Par\u00eds de 2024.<\/p>\n\n\n\n<p>Castex, nacido hace 55 a\u00f1os en el suroeste de Francia, tambi\u00e9n es desde 2008 alcalde de Prades, un municipio del los Pirineos Orientales, muy cercano a la frontera con Espa\u00f1a.<\/p>\n","protected":false},"excerpt":{"rendered":"<p>Jean Castex, conservador, fue designado por el presidente Emmanuel Macron&nbsp;<\/p>\n","protected":false},"author":80,"featured_media":0,"comment_status":"closed","ping_status":"open","sticky":false,"template":"","format":"standard","meta":{"footnotes":""},"categories":[31],"tags":[],"class_list":["post-122124","post","type-post","status-publish","format-standard","hentry","category-orbe"],"_links":{"self":[{"href":"https:\/\/plazajuarez.mx\/historico\/wp-json\/wp\/v2\/posts\/122124","targetHints":{"allow":["GET"]}}],"collection":[{"href":"https:\/\/plazajuarez.mx\/historico\/wp-json\/wp\/v2\/posts"}],"about":[{"href":"https:\/\/plazajuarez.mx\/historico\/wp-json\/wp\/v2\/types\/post"}],"author":[{"embeddable":true,"href":"https:\/\/plazajuarez.mx\/historico\/wp-json\/wp\/v2\/users\/80"}],"replies":[{"embeddable":true,"href":"https:\/\/plazajuarez.mx\/historico\/wp-json\/wp\/v2\/comments?post=122124"}],"version-history":[{"count":0,"href":"https:\/\/plazajuarez.mx\/historico\/wp-json\/wp\/v2\/posts\/122124\/revisions"}],"wp:attachment":[{"href":"https:\/\/plazajuarez.mx\/historico\/wp-json\/wp\/v2\/media?parent=122124"}],"wp:term":[{"taxonomy":"category","embeddable":true,"href":"https:\/\/plazajuarez.mx\/historico\/wp-json\/wp\/v2\/categories?post=122124"},{"taxonomy":"post_tag","embeddable":true,"href":"https:\/\/plazajuarez.mx\/historico\/wp-json\/wp\/v2\/tags?post=122124"}],"curies":[{"name":"wp","href":"https:\/\/api.w.org\/{rel}","templated":true}]}}