{"id":122121,"date":"2020-07-04T06:39:35","date_gmt":"2020-07-04T11:39:35","guid":{"rendered":"https:\/\/plazajuarez.mx\/?p=122121"},"modified":"2020-07-04T06:39:50","modified_gmt":"2020-07-04T11:39:50","slug":"felix-y-gil-aprovechan-cuarentena-para-trabajar","status":"publish","type":"post","link":"https:\/\/plazajuarez.mx\/historico\/felix-y-gil-aprovechan-cuarentena-para-trabajar\/","title":{"rendered":"F\u00e9lix y Gil aprovechan cuarentena para trabajar"},"content":{"rendered":"\n<ul class=\"wp-block-list\"><li><strong>Ya han abierto conciertos en el Auditorio Nacional de artistas como Reik, Ha-Ash o Morat pero sus aspiraciones van m\u00e1s all\u00e1.<\/strong><\/li><\/ul>\n\n\n\n<!--more-->\n\n\n\n<p>F\u00e9lix y Gil se conocieron en los \u00faltimos a\u00f1os de la universidad y desde entonces no han perdido las ganas de tocar y de llegar lejos como d\u00fao. Durante esta cuarentena publicaron temas como &#8220;Cicatrices&#8221; o &#8220;Dosis de ti&#8221; y est\u00e1n aprovechando el tiempo para trabajar.<\/p>\n\n\n\n<p>&#8220;Queremos seguir componiendo, aprendiendo y viendo el lado amable&#8230; No todos los d\u00edas el mundo nos regala una pausa para respirar y ver d\u00f3nde estamos&#8221;, dijo F\u00e9lix en una entrevista con Efe.<\/p>\n\n\n\n<p>Despu\u00e9s de tocar en muchas bodas y fiestas de 15 a\u00f1os, Julio Ram\u00edrez, guitarrista del conocido grupo tambi\u00e9n mexicano Reik, dio con uno de sus v\u00eddeos de YouTube y les tendi\u00f3 la mano.<\/p>\n\n\n\n<p>Ahora viven en la Ciudad de M\u00e9xico el inicio de su segunda etapa y, aunque ten\u00edan muchas esperanzas puestas en 2020, no se han dejado caer y preparan muchas novedades para los pr\u00f3ximos meses.<\/p>\n\n\n\n<p>Ya han abierto conciertos en el Auditorio Nacional de artistas como Reik, Ha-Ash o Morat pero sus aspiraciones van m\u00e1s all\u00e1.<\/p>\n","protected":false},"excerpt":{"rendered":"<p>Ya han abierto conciertos en el Auditorio Nacional de artistas como Reik, Ha-Ash o Morat pero sus aspiraciones van m\u00e1s all\u00e1.<\/p>\n","protected":false},"author":80,"featured_media":0,"comment_status":"closed","ping_status":"open","sticky":false,"template":"","format":"standard","meta":{"footnotes":""},"categories":[38],"tags":[],"class_list":["post-122121","post","type-post","status-publish","format-standard","hentry","category-show"],"_links":{"self":[{"href":"https:\/\/plazajuarez.mx\/historico\/wp-json\/wp\/v2\/posts\/122121","targetHints":{"allow":["GET"]}}],"collection":[{"href":"https:\/\/plazajuarez.mx\/historico\/wp-json\/wp\/v2\/posts"}],"about":[{"href":"https:\/\/plazajuarez.mx\/historico\/wp-json\/wp\/v2\/types\/post"}],"author":[{"embeddable":true,"href":"https:\/\/plazajuarez.mx\/historico\/wp-json\/wp\/v2\/users\/80"}],"replies":[{"embeddable":true,"href":"https:\/\/plazajuarez.mx\/historico\/wp-json\/wp\/v2\/comments?post=122121"}],"version-history":[{"count":0,"href":"https:\/\/plazajuarez.mx\/historico\/wp-json\/wp\/v2\/posts\/122121\/revisions"}],"wp:attachment":[{"href":"https:\/\/plazajuarez.mx\/historico\/wp-json\/wp\/v2\/media?parent=122121"}],"wp:term":[{"taxonomy":"category","embeddable":true,"href":"https:\/\/plazajuarez.mx\/historico\/wp-json\/wp\/v2\/categories?post=122121"},{"taxonomy":"post_tag","embeddable":true,"href":"https:\/\/plazajuarez.mx\/historico\/wp-json\/wp\/v2\/tags?post=122121"}],"curies":[{"name":"wp","href":"https:\/\/api.w.org\/{rel}","templated":true}]}}