{"id":1221,"date":"2015-02-21T06:00:00","date_gmt":"2015-02-21T06:00:00","guid":{"rendered":"http:\/\/plazajuarez.mx\/index\/index.php\/2015\/02\/21\/hollande-y-merkel-advierten-que-puede-haber-sanciones-si-rusia-viola-el-acuerdo-de-minsk\/"},"modified":"2015-02-21T06:00:00","modified_gmt":"2015-02-21T06:00:00","slug":"hollande-y-merkel-advierten-que-puede-haber-sanciones-si-rusia-viola-el-acuerdo-de-minsk","status":"publish","type":"post","link":"https:\/\/plazajuarez.mx\/historico\/hollande-y-merkel-advierten-que-puede-haber-sanciones-si-rusia-viola-el-acuerdo-de-minsk\/","title":{"rendered":"Hollande y Merkel advierten que puede haber sanciones si Rusia viola el acuerdo de Minsk"},"content":{"rendered":"<p><strong><span style=\"font-family: verdana,geneva; font-size: 10pt;\">Si el acuerdo de un alto el fuego entre Ucrania y Rusia firmado recientemente en Minsk fuera violado, Europa podr\u00eda adoptar nuevas sanciones contra Mosc\u00fa. Aseguraron a d\u00fao la canciller alemana, Angela Merkel, y el presidente franc\u00e9s, Francois Hollande, durante la rueda de prensa conjunta a \u00faltima hora de la ma\u00f1ana de ayer tras la reuni\u00f3n que ambos mantuvieron en Par\u00eds. Una reuni\u00f3n que sirvi\u00f3 sobre todo para preparar la cumbre del G7 que en junio se celebrar\u00e1 en Elmau, sur de Alemania.<\/span><\/strong><\/p>\n<p>  <!--more-->  <\/p>\n<p>\u00a0<\/p>\n<p><span style=\"font-family: verdana,geneva; font-size: 10pt;\">Grecia y Ucrania fueron los asuntos que dominaron el encuentro. Reiteraron su rechazo a una posible salida de Grecia del euro e insistieron en que los acuerdos de Minsk se tienen que respetar, advirtiendo que si no habr\u00eda consecuencias. &#8220;Estamos m\u00e1s convencidos que nunca de que deben aplicar los acuerdos de Minsk&#8221;, subrayaba Hollande, destacando que en el pasado &#8220;el alto el fuego ha sido violado varias veces, pero ahora debe respetarse plenamente, debe respetarse la retirada de las armas pesadas y la liberaci\u00f3n de prisioneros, enfatizaba. Preguntado espec\u00edficamente sobre la posibilidad de sanciones adicionales contra Rusia, el presidente indic\u00f3 rotundo: &#8220;Cualquier pa\u00eds que no respete los acuerdos de Minsk estar\u00e1 sujeto a sanciones&#8221;. (Agencias)<\/span><\/p>\n<p><span style=\"font-family: verdana,geneva; font-size: 10pt;\">\u00a0<\/span><\/p>\n<p><span style=\"font-family: verdana,geneva; font-size: 10pt;\">\u00a0<\/span><\/p>\n<p><span style=\"font-family: verdana,geneva; font-size: 10pt;\">\u00a0<\/span><\/p>\n<p><span style=\"font-family: verdana,geneva; font-size: 10pt;\">\u00a0<\/span><\/p>\n","protected":false},"excerpt":{"rendered":"<p>Si el acuerdo de un alto el fuego entre Ucrania y Rusia firmado recientemente en Minsk fuera violado, Europa podr\u00eda adoptar nuevas sanciones contra Mosc\u00fa. Aseguraron a d\u00fao la canciller alemana, Angela Merkel, y el presidente franc\u00e9s, Francois Hollande, durante la rueda de prensa conjunta a \u00faltima hora de la ma\u00f1ana de ayer tras la [&hellip;]<\/p>\n","protected":false},"author":93,"featured_media":0,"comment_status":"open","ping_status":"open","sticky":false,"template":"","format":"standard","meta":{"footnotes":""},"categories":[31],"tags":[],"class_list":["post-1221","post","type-post","status-publish","format-standard","hentry","category-orbe"],"_links":{"self":[{"href":"https:\/\/plazajuarez.mx\/historico\/wp-json\/wp\/v2\/posts\/1221","targetHints":{"allow":["GET"]}}],"collection":[{"href":"https:\/\/plazajuarez.mx\/historico\/wp-json\/wp\/v2\/posts"}],"about":[{"href":"https:\/\/plazajuarez.mx\/historico\/wp-json\/wp\/v2\/types\/post"}],"author":[{"embeddable":true,"href":"https:\/\/plazajuarez.mx\/historico\/wp-json\/wp\/v2\/users\/93"}],"replies":[{"embeddable":true,"href":"https:\/\/plazajuarez.mx\/historico\/wp-json\/wp\/v2\/comments?post=1221"}],"version-history":[{"count":0,"href":"https:\/\/plazajuarez.mx\/historico\/wp-json\/wp\/v2\/posts\/1221\/revisions"}],"wp:attachment":[{"href":"https:\/\/plazajuarez.mx\/historico\/wp-json\/wp\/v2\/media?parent=1221"}],"wp:term":[{"taxonomy":"category","embeddable":true,"href":"https:\/\/plazajuarez.mx\/historico\/wp-json\/wp\/v2\/categories?post=1221"},{"taxonomy":"post_tag","embeddable":true,"href":"https:\/\/plazajuarez.mx\/historico\/wp-json\/wp\/v2\/tags?post=1221"}],"curies":[{"name":"wp","href":"https:\/\/api.w.org\/{rel}","templated":true}]}}