{"id":122018,"date":"2020-07-03T01:19:13","date_gmt":"2020-07-03T06:19:13","guid":{"rendered":"https:\/\/plazajuarez.mx\/?p=122018"},"modified":"2020-07-03T01:19:27","modified_gmt":"2020-07-03T06:19:27","slug":"buscan-aprovechar-terreno-del-ex-confinamiento","status":"publish","type":"post","link":"https:\/\/plazajuarez.mx\/historico\/buscan-aprovechar-terreno-del-ex-confinamiento\/","title":{"rendered":"Buscan aprovechar terreno del ex confinamiento"},"content":{"rendered":"\n<ul class=\"wp-block-list\"><li><strong>Diputado local gestiona instalar ah\u00ed el Centro de Investigaci\u00f3n de la Universidad Aut\u00f3noma de Chapingo<\/strong><\/li><\/ul>\n\n\n\n<ul class=\"wp-block-list\"><li><strong>El Centro es el \u00fanico blanco a utilizar, pues no hay planes para el terreno de m\u00e1s de 100 hect\u00e1reas que son parte de estas instalaciones.\u00a0<\/strong><\/li><\/ul>\n\n\n\n<!--more-->\n\n\n\n<p><strong> Zimap\u00e1n.<\/strong>&#8211; El diputado local, V\u00edctor Guerrero Trejo, inform\u00f3 sobre la gesti\u00f3n que lleva a cabo ante autoridades ambientales federales y ejidales del municipio para convertir el ex confinamiento de residuos t\u00f3xicos.<\/p>\n\n\n\n<p>Durante una videoconferencia, el legislador dijo que el prop\u00f3sito es crear en esas instalaciones un Centro de Investigaci\u00f3n de la Universidad Aut\u00f3noma Chapingo.&nbsp;<\/p>\n\n\n\n<p>El edificio es el \u00fanico blanco a utilizar, pues no hay planes para el terreno de m\u00e1s de 100 hect\u00e1reas que son parte de estas instalaciones.&nbsp;<\/p>\n\n\n\n<p>Mencion\u00f3 que la Secretar\u00eda del Medio Ambiente y Recursos Naturales (Semarnat) Federal, coincide con el prop\u00f3sito de la gesti\u00f3n p\u00fablica que encabeza el diputado del Congreso hidalguense, emanado del Movimiento Regeneraci\u00f3n Nacional (Morena).&nbsp;<\/p>\n\n\n\n<p>Sin embargo, la dependencia federal anticipa que siempre y cuando sea para el bienestar de la poblaci\u00f3n.&nbsp;<\/p>\n\n\n\n<p>A\u00fan falta el veredicto de los ejidatarios del ex confinamiento clausurado hace diez a\u00f1os.&nbsp;<\/p>\n\n\n\n<p>Cabe recordar que la uni\u00f3n de todas las comunidades de Zimap\u00e1n origin\u00f3 una lucha social en pro del medio ambiente contra el dep\u00f3sito de residuos peligrosos creado en 2004.&nbsp;<\/p>\n\n\n\n<p>Cobra mayor trascendencia en la historia del municipio como de la naci\u00f3n, ante la demanda que gan\u00f3 la empresa encargada del confinamiento, Befesa, de origen espa\u00f1ol, por un monto de 20 millones de d\u00f3lares al argumentar da\u00f1os y perjuicios.<\/p>\n","protected":false},"excerpt":{"rendered":"<p>Diputado local gestiona instalar ah\u00ed el Centro de Investigaci\u00f3n de la Universidad Aut\u00f3noma de Chapingo El Centro es el \u00fanico blanco a utilizar, pues no hay planes para el terreno de m\u00e1s de 100 hect\u00e1reas que son parte de estas instalaciones.\u00a0<\/p>\n","protected":false},"author":75,"featured_media":0,"comment_status":"closed","ping_status":"open","sticky":false,"template":"","format":"standard","meta":{"footnotes":""},"categories":[40],"tags":[],"class_list":["post-122018","post","type-post","status-publish","format-standard","hentry","category-region"],"_links":{"self":[{"href":"https:\/\/plazajuarez.mx\/historico\/wp-json\/wp\/v2\/posts\/122018","targetHints":{"allow":["GET"]}}],"collection":[{"href":"https:\/\/plazajuarez.mx\/historico\/wp-json\/wp\/v2\/posts"}],"about":[{"href":"https:\/\/plazajuarez.mx\/historico\/wp-json\/wp\/v2\/types\/post"}],"author":[{"embeddable":true,"href":"https:\/\/plazajuarez.mx\/historico\/wp-json\/wp\/v2\/users\/75"}],"replies":[{"embeddable":true,"href":"https:\/\/plazajuarez.mx\/historico\/wp-json\/wp\/v2\/comments?post=122018"}],"version-history":[{"count":0,"href":"https:\/\/plazajuarez.mx\/historico\/wp-json\/wp\/v2\/posts\/122018\/revisions"}],"wp:attachment":[{"href":"https:\/\/plazajuarez.mx\/historico\/wp-json\/wp\/v2\/media?parent=122018"}],"wp:term":[{"taxonomy":"category","embeddable":true,"href":"https:\/\/plazajuarez.mx\/historico\/wp-json\/wp\/v2\/categories?post=122018"},{"taxonomy":"post_tag","embeddable":true,"href":"https:\/\/plazajuarez.mx\/historico\/wp-json\/wp\/v2\/tags?post=122018"}],"curies":[{"name":"wp","href":"https:\/\/api.w.org\/{rel}","templated":true}]}}