{"id":122009,"date":"2020-07-03T01:18:22","date_gmt":"2020-07-03T06:18:22","guid":{"rendered":"https:\/\/plazajuarez.mx\/?p=122009"},"modified":"2020-07-03T01:18:35","modified_gmt":"2020-07-03T06:18:35","slug":"celebran-en-tulancingo-dos-anos-del-triunfo-electoral-de-lopez-obrador","status":"publish","type":"post","link":"https:\/\/plazajuarez.mx\/historico\/celebran-en-tulancingo-dos-anos-del-triunfo-electoral-de-lopez-obrador\/","title":{"rendered":"Celebran en Tulancingo dos a\u00f1os del triunfo electoral de L\u00f3pez Obrador"},"content":{"rendered":"\n<ul class=\"wp-block-list\"><li><strong>Caravana de automovilistas<\/strong><\/li><\/ul>\n\n\n\n<ul class=\"wp-block-list\"><li><strong>\u201cHay un respaldo y apoyo a nuestro presidente de gente que vot\u00f3 por \u00e9l y siguen confiando en \u00e9l\u201d, coment\u00f3 uno de los asistentes<\/strong><\/li><\/ul>\n\n\n\n<!--more-->\n\n\n\n<p><strong>Tulancingo<\/strong>.- Ciudadanos a bordo de sus autom\u00f3viles salieron la tarde del mi\u00e9rcoles a recorrer calles de Tulancingo para celebrar los dos a\u00f1os del triunfo electoral del presidente, L\u00f3pez Obrador y para reiterarle su apoyo.<\/p>\n\n\n\n<p>El punto de partida fue el centro comercial Plaza Patio, donde un aproximado de 35 autos ya esperaban la hora de inicio de la caravana de apoyo.<\/p>\n\n\n\n<p>Minutos despu\u00e9s de las 17:00 horas, el contingente sali\u00f3 del centro comercial para recorrer el bulevar Miguel Hidalgo, tomar L\u00e1zaro C\u00e1rdenas, Nicol\u00e1s Bravo, Independencia, Doria, Manuel Fernando Soto, bulevar Emiliano Zapata y terminar cerca de la Cl\u00ednica 34 del Seguro Social en el bulevar Pleasanton.<\/p>\n\n\n\n<p>Con leyendas de apoyo pintadas en los parabrisas, tocando el claxon y portando banderas de M\u00e9xico, el contingente avanz\u00f3 con el apoyo de las autoridades de Tr\u00e1nsito Estatal, al mando del Inspector Mat\u00edas P\u00e9rez.<\/p>\n\n\n\n<p>\u00a1Estamos de fiesta! \u00a1AMLO, no est\u00e1s solo! \u00a1Viva Obrador! \u00a1Vamos por la presidencia de Tulancingo!, fueron algunas de las consignas que se escuchaban a la par del sonar de los cl\u00e1xones.<\/p>\n","protected":false},"excerpt":{"rendered":"<p>Caravana de automovilistas \u201cHay un respaldo y apoyo a nuestro presidente de gente que vot\u00f3 por \u00e9l y siguen confiando en \u00e9l\u201d, coment\u00f3 uno de los asistentes<\/p>\n","protected":false},"author":70,"featured_media":0,"comment_status":"closed","ping_status":"open","sticky":false,"template":"","format":"standard","meta":{"footnotes":""},"categories":[40],"tags":[],"class_list":["post-122009","post","type-post","status-publish","format-standard","hentry","category-region"],"_links":{"self":[{"href":"https:\/\/plazajuarez.mx\/historico\/wp-json\/wp\/v2\/posts\/122009","targetHints":{"allow":["GET"]}}],"collection":[{"href":"https:\/\/plazajuarez.mx\/historico\/wp-json\/wp\/v2\/posts"}],"about":[{"href":"https:\/\/plazajuarez.mx\/historico\/wp-json\/wp\/v2\/types\/post"}],"author":[{"embeddable":true,"href":"https:\/\/plazajuarez.mx\/historico\/wp-json\/wp\/v2\/users\/70"}],"replies":[{"embeddable":true,"href":"https:\/\/plazajuarez.mx\/historico\/wp-json\/wp\/v2\/comments?post=122009"}],"version-history":[{"count":0,"href":"https:\/\/plazajuarez.mx\/historico\/wp-json\/wp\/v2\/posts\/122009\/revisions"}],"wp:attachment":[{"href":"https:\/\/plazajuarez.mx\/historico\/wp-json\/wp\/v2\/media?parent=122009"}],"wp:term":[{"taxonomy":"category","embeddable":true,"href":"https:\/\/plazajuarez.mx\/historico\/wp-json\/wp\/v2\/categories?post=122009"},{"taxonomy":"post_tag","embeddable":true,"href":"https:\/\/plazajuarez.mx\/historico\/wp-json\/wp\/v2\/tags?post=122009"}],"curies":[{"name":"wp","href":"https:\/\/api.w.org\/{rel}","templated":true}]}}