{"id":122008,"date":"2020-07-03T01:15:37","date_gmt":"2020-07-03T06:15:37","guid":{"rendered":"https:\/\/plazajuarez.mx\/?p=122008"},"modified":"2020-07-03T01:16:26","modified_gmt":"2020-07-03T06:16:26","slug":"cae-otra-tromba-ahora-en-apan","status":"publish","type":"post","link":"https:\/\/plazajuarez.mx\/historico\/cae-otra-tromba-ahora-en-apan\/","title":{"rendered":"Cae otra tromba, ahora en Apan"},"content":{"rendered":"\n<ul class=\"wp-block-list\"><li><strong>Un total de 20 viviendas resultaron da\u00f1adas<\/strong><\/li><\/ul>\n\n\n\n<!--more-->\n\n\n\n<p><strong>Apan<\/strong>.- Un total de 20 viviendas resultaron da\u00f1adas por la tromba que se registr\u00f3, la tarde del mi\u00e9rcoles, cerca de las comunidades \u201cLa Laguna\u201d y \u201cAcopinalco\u201d, ambas del municipio de Apan, inform\u00f3 Miguel \u00c1ngel Vargas, director de Protecci\u00f3n Civil.<\/p>\n\n\n\n<p>El funcionario municipal indic\u00f3 que la intensa tromba que cay\u00f3, en el cerro conocido como \u201cSantana\u201d, ocasion\u00f3 que al menos unas 20 casas resultaron averiadas, ya que los niveles de agua sobrepasaron los 40 cent\u00edmetros en ciertas zonas.<\/p>\n\n\n\n<p>Miguel \u00c1ngel Vargas indic\u00f3 que la tromba, registrada despu\u00e9s de las 17:00 horas del mi\u00e9rcoles, ven\u00eda acompa\u00f1ada de fuertes vientos y granizo, por lo que cientos de metros c\u00fabicos de agua corrieron por diferentes calles de estas dos comunidades y en zonas consideradas bajas, ocasionando anegamientos y da\u00f1os severos en domicilios.<\/p>\n\n\n\n<p>Por lo menos unas 80 personas fueran desalojadas, entre ni\u00f1os y adultos mayores, del interior de sus viviendas, con la ayuda de elementos de la direcci\u00f3n de Seguridad P\u00fablica y Movilidad Municipal, \u201carriesgaron su vida para ayudarlos a salir, y ser trasladados a bordo de las patrullas, a lugares m\u00e1s seguros\u201d, asegur\u00f3 el director de Protecci\u00f3n Civil municipal de Apan.<\/p>\n\n\n\n<p>Tras la evaluaci\u00f3n de los desperfectos, y atendiendo los reportes de los afectados, el titular de PC, junto con la alcaldesa, Mar\u00eda Antonieta de los \u00c1ngeles Anaya, supervisan la atenci\u00f3n a los afectados moradores, reubicados con familiares, ya que era peligroso quedarse en sus hogares.<\/p>\n\n\n\n<p>Miguel \u00c1ngel Vargas, dijo que a los damnificados se les apoyara con la entrega de l\u00e1minas para que arreglen los techos de sus casas.&nbsp;<\/p>\n\n\n\n<p>La alcaldesa, Mar\u00eda Antonieta de los \u00c1ngeles Anaya, recorri\u00f3 los inmuebles da\u00f1ados para asegurarse que el apoyo fuera apropiado.<\/p>\n\n\n\n<p>Adem\u00e1s, la jefa del Ejecutivo municipal dio instrucciones de que a las familias afectadas se les otorgar\u00e1 todo tipo de facilidades para obtener la ayuda que requieran. Por lo pronto, orden\u00f3 que se les dotaran de l\u00e1minas para que reemplazaran el techo de sus inmuebles.<\/p>\n\n\n\n<p>Durante su recorrido por las comunidades afectadas, pidi\u00f3 a los habitantes que en caso de continuar la ca\u00edda de lluvias y granizo en la zona, como lo ha pronosticado el Servicio Meteorol\u00f3gico Nacional, aceptaran ser cobijados en albergues para evitar contingencias que pudieran ponerlos en mayor riesgo.<\/p>\n","protected":false},"excerpt":{"rendered":"<p>Un total de 20 viviendas resultaron da\u00f1adas<\/p>\n","protected":false},"author":69,"featured_media":0,"comment_status":"closed","ping_status":"open","sticky":false,"template":"","format":"standard","meta":{"footnotes":""},"categories":[40],"tags":[],"class_list":["post-122008","post","type-post","status-publish","format-standard","hentry","category-region"],"_links":{"self":[{"href":"https:\/\/plazajuarez.mx\/historico\/wp-json\/wp\/v2\/posts\/122008","targetHints":{"allow":["GET"]}}],"collection":[{"href":"https:\/\/plazajuarez.mx\/historico\/wp-json\/wp\/v2\/posts"}],"about":[{"href":"https:\/\/plazajuarez.mx\/historico\/wp-json\/wp\/v2\/types\/post"}],"author":[{"embeddable":true,"href":"https:\/\/plazajuarez.mx\/historico\/wp-json\/wp\/v2\/users\/69"}],"replies":[{"embeddable":true,"href":"https:\/\/plazajuarez.mx\/historico\/wp-json\/wp\/v2\/comments?post=122008"}],"version-history":[{"count":0,"href":"https:\/\/plazajuarez.mx\/historico\/wp-json\/wp\/v2\/posts\/122008\/revisions"}],"wp:attachment":[{"href":"https:\/\/plazajuarez.mx\/historico\/wp-json\/wp\/v2\/media?parent=122008"}],"wp:term":[{"taxonomy":"category","embeddable":true,"href":"https:\/\/plazajuarez.mx\/historico\/wp-json\/wp\/v2\/categories?post=122008"},{"taxonomy":"post_tag","embeddable":true,"href":"https:\/\/plazajuarez.mx\/historico\/wp-json\/wp\/v2\/tags?post=122008"}],"curies":[{"name":"wp","href":"https:\/\/api.w.org\/{rel}","templated":true}]}}