{"id":122000,"date":"2020-07-03T01:11:27","date_gmt":"2020-07-03T06:11:27","guid":{"rendered":"https:\/\/plazajuarez.mx\/?p=122000"},"modified":"2020-07-03T01:11:40","modified_gmt":"2020-07-03T06:11:40","slug":"alcalde-y-titular-de-sopot-signan-convenio","status":"publish","type":"post","link":"https:\/\/plazajuarez.mx\/historico\/alcalde-y-titular-de-sopot-signan-convenio\/","title":{"rendered":"Alcalde y titular de SOPOT signan convenio"},"content":{"rendered":"\n<ul class=\"wp-block-list\"><li><strong>Se establecen funciones y servicios que conforme decreto sean competencia del municipio<\/strong><\/li><\/ul>\n\n\n\n<!--more-->\n\n\n\n<p><strong>TULANCINGO<\/strong>.- Una vez m\u00e1s se refrenda la coordinaci\u00f3n y colaboraci\u00f3n administrativa entre los gobiernos estatal y municipal, por ello el presidente de Tulancingo, Fernando P\u00e9rez Rodr\u00edguez y el titular de la Secretar\u00eda de Obras P\u00fablicas y Ordenamiento Territorial, Jos\u00e9 Meneses Arrieta, signaron un convenio en materia de Desarrollo Urbano y Asentamientos Humanos.<\/p>\n\n\n\n<p>Cabe resaltar que ambos temas son parte fundamental de los objetivos de planeaci\u00f3n y regulaci\u00f3n, de ah\u00ed que la suma institucional constituya una alianza de criterios unificados.&nbsp;<\/p>\n\n\n\n<p>En el convenio, se establecen funciones y servicios que conforme decreto sean competencia del municipio, esto acorde al art\u00edculo 115 de la Constituci\u00f3n Pol\u00edtica de los Estados Unidos Mexicanos.<\/p>\n\n\n\n<p>Es facultad del municipio administrar su hacienda y percibir contribuciones incluyendo tasas adicionales que establezcan los estados sobre la propiedad inmobiliaria, fraccionamiento, divisi\u00f3n, consolidaci\u00f3n, traslaci\u00f3n y mejora as\u00ed como las que tengan por base el cambio de valor de inmuebles.<\/p>\n\n\n\n<p>El objetivo con este convenio, es que con la coordinaci\u00f3n y colaboraci\u00f3n entre \u00f3rdenes de gobierno, el municipio pueda seguir funciones y servicios bajo los t\u00e9rminos y condiciones vigentes.<\/p>\n\n\n\n<p>El mandatario Fernando P\u00e9rez Rodr\u00edguez agradeci\u00f3 al gobernador Omar Fayad y a la Secretar\u00eda de Obras P\u00fablicas y Ordenamiento Territorial&nbsp; por consolidar&nbsp; sinergia institucional, como el m\u00e1s importante de los v\u00ednculos para la regulaci\u00f3n de \u00e1mbitos importantes como la administraci\u00f3n del uso del suelo, infraestructura y equipamiento urbano siendo estos, factores generadores de desarrollo y de mejora de bienestar de la poblaci\u00f3n.<\/p>\n\n\n\n<p>Se asegur\u00f3 que hay coincidencias entre el Gobierno Estatal y su hom\u00f3logo municipal para que el crecimiento entre las poblaciones y ciudades sea sustentable y equitativo.<\/p>\n","protected":false},"excerpt":{"rendered":"<p>Se establecen funciones y servicios que conforme decreto sean competencia del municipio<\/p>\n","protected":false},"author":93,"featured_media":0,"comment_status":"closed","ping_status":"open","sticky":false,"template":"","format":"standard","meta":{"footnotes":""},"categories":[40],"tags":[],"class_list":["post-122000","post","type-post","status-publish","format-standard","hentry","category-region"],"_links":{"self":[{"href":"https:\/\/plazajuarez.mx\/historico\/wp-json\/wp\/v2\/posts\/122000","targetHints":{"allow":["GET"]}}],"collection":[{"href":"https:\/\/plazajuarez.mx\/historico\/wp-json\/wp\/v2\/posts"}],"about":[{"href":"https:\/\/plazajuarez.mx\/historico\/wp-json\/wp\/v2\/types\/post"}],"author":[{"embeddable":true,"href":"https:\/\/plazajuarez.mx\/historico\/wp-json\/wp\/v2\/users\/93"}],"replies":[{"embeddable":true,"href":"https:\/\/plazajuarez.mx\/historico\/wp-json\/wp\/v2\/comments?post=122000"}],"version-history":[{"count":0,"href":"https:\/\/plazajuarez.mx\/historico\/wp-json\/wp\/v2\/posts\/122000\/revisions"}],"wp:attachment":[{"href":"https:\/\/plazajuarez.mx\/historico\/wp-json\/wp\/v2\/media?parent=122000"}],"wp:term":[{"taxonomy":"category","embeddable":true,"href":"https:\/\/plazajuarez.mx\/historico\/wp-json\/wp\/v2\/categories?post=122000"},{"taxonomy":"post_tag","embeddable":true,"href":"https:\/\/plazajuarez.mx\/historico\/wp-json\/wp\/v2\/tags?post=122000"}],"curies":[{"name":"wp","href":"https:\/\/api.w.org\/{rel}","templated":true}]}}