{"id":121998,"date":"2020-07-03T01:10:36","date_gmt":"2020-07-03T06:10:36","guid":{"rendered":"https:\/\/plazajuarez.mx\/?p=121998"},"modified":"2020-07-03T01:10:45","modified_gmt":"2020-07-03T06:10:45","slug":"andres-noe-paz-presidente-del-club-rotario-tollan","status":"publish","type":"post","link":"https:\/\/plazajuarez.mx\/historico\/andres-noe-paz-presidente-del-club-rotario-tollan\/","title":{"rendered":"Andr\u00e9s No\u00e9 Paz, presidente del Club Rotario Tollan"},"content":{"rendered":"\n<ul class=\"wp-block-list\"><li><strong>Dijo que seguir\u00e1n invitando a m\u00e1s personas para que se sumen a las filas de la agrupaci\u00f3n&nbsp;<\/strong><\/li><\/ul>\n\n\n\n<!--more-->\n\n\n\n<p><strong>Tula de Allende<\/strong>.- Andr\u00e9s No\u00e9 Paz Hern\u00e1ndez a partir del primero de julio, fue nombrado nuevo presidente del Club Rotario Tollan, al concluir su mandato de un a\u00f1o en el cargo Guadalupe Pe\u00f1a Hern\u00e1ndez.<\/p>\n\n\n\n<p>Paz Hern\u00e1ndez fungir\u00e1 como presidente del Club Rotario en el periodo 2020-2021. Reconoci\u00f3 que quienes lo han antecedido han hecho un gran trabajo, por lo que al tomar la batuta de la agrupaci\u00f3n altruista, agradeci\u00f3 la confianza que depositaron en su persona.<\/p>\n\n\n\n<p>Hizo hincapi\u00e9 en la labor que desempe\u00f1\u00f3 la anterior presidenta Guadalupe Pe\u00f1a Hern\u00e1ndez, per\u00edodo del que form\u00f3 parte como secretario, pero que asume con gran compromiso la responsabilidad sabedor de que el reto es may\u00fasculo.<\/p>\n\n\n\n<p>Dijo que dar\u00e1 continuidad a los diferentes programas ya establecidos como la jornada de lentes, cirug\u00edas de cataratas, becas y apoyos, as\u00ed como el nuevo proyecto \u201cRescatando el R\u00edo Tula\u201d, labor que desempe\u00f1ar\u00e1n de la mano de organizaciones no gubernamentales con quienes buscar\u00e1n realizar un proyecto sostenible y sustentable.<\/p>\n","protected":false},"excerpt":{"rendered":"<p>Dijo que seguir\u00e1n invitando a m\u00e1s personas para que se sumen a las filas de la agrupaci\u00f3n&nbsp;<\/p>\n","protected":false},"author":71,"featured_media":0,"comment_status":"closed","ping_status":"open","sticky":false,"template":"","format":"standard","meta":{"footnotes":""},"categories":[40],"tags":[],"class_list":["post-121998","post","type-post","status-publish","format-standard","hentry","category-region"],"_links":{"self":[{"href":"https:\/\/plazajuarez.mx\/historico\/wp-json\/wp\/v2\/posts\/121998","targetHints":{"allow":["GET"]}}],"collection":[{"href":"https:\/\/plazajuarez.mx\/historico\/wp-json\/wp\/v2\/posts"}],"about":[{"href":"https:\/\/plazajuarez.mx\/historico\/wp-json\/wp\/v2\/types\/post"}],"author":[{"embeddable":true,"href":"https:\/\/plazajuarez.mx\/historico\/wp-json\/wp\/v2\/users\/71"}],"replies":[{"embeddable":true,"href":"https:\/\/plazajuarez.mx\/historico\/wp-json\/wp\/v2\/comments?post=121998"}],"version-history":[{"count":0,"href":"https:\/\/plazajuarez.mx\/historico\/wp-json\/wp\/v2\/posts\/121998\/revisions"}],"wp:attachment":[{"href":"https:\/\/plazajuarez.mx\/historico\/wp-json\/wp\/v2\/media?parent=121998"}],"wp:term":[{"taxonomy":"category","embeddable":true,"href":"https:\/\/plazajuarez.mx\/historico\/wp-json\/wp\/v2\/categories?post=121998"},{"taxonomy":"post_tag","embeddable":true,"href":"https:\/\/plazajuarez.mx\/historico\/wp-json\/wp\/v2\/tags?post=121998"}],"curies":[{"name":"wp","href":"https:\/\/api.w.org\/{rel}","templated":true}]}}