{"id":121995,"date":"2020-07-03T00:53:56","date_gmt":"2020-07-03T05:53:56","guid":{"rendered":"https:\/\/plazajuarez.mx\/?p=121995"},"modified":"2020-07-03T00:54:10","modified_gmt":"2020-07-03T05:54:10","slug":"acelerar-elecciones-intencion-mezquina-carlos-mendoza","status":"publish","type":"post","link":"https:\/\/plazajuarez.mx\/historico\/acelerar-elecciones-intencion-mezquina-carlos-mendoza\/","title":{"rendered":"\u201cAcelerar elecciones, intenci\u00f3n mezquina\u201d: Carlos Mendoza"},"content":{"rendered":"\n<ul class=\"wp-block-list\"><li><strong>El secretario de formaci\u00f3n pol\u00edtica de Morena Hidalgo asegura que se debe anteponer la salud de la ciudadan\u00eda<\/strong><\/li><\/ul>\n\n\n\n<!--more-->\n\n\n\n<p>Derivado del foro realizado entre autoridades electorales y diputados locales con el Instituto Nacional Electoral (INE), el secretario de formaci\u00f3n pol\u00edtica del Movimiento Regeneraci\u00f3n Nacional (Morena) en el estado, Carlos Mendoza \u00c1lvarez, calific\u00f3 la intenci\u00f3n de que este \u00f3rgano electoral acelere el proceso como mezquino.&nbsp;<\/p>\n\n\n\n<p>Sobre las declaraciones del consejero presidente del INE, Lorenzo C\u00f3rdova Vianello, respecto a que si se mantiene la intenci\u00f3n de realizar los comicios en este a\u00f1o, el morenista afirm\u00f3 que \u201cme parece que s\u00ed hay una intenci\u00f3n mezquina de acelerar este proceso, yo creo que el derecho que tienen las y los ciudadanos a elegir a sus autoridades si se tiene que salvaguardar\u201d.&nbsp;<\/p>\n\n\n\n<p>Agreg\u00f3 que dentro del partido existe el pensamiento de que en estos momentos, tanto el estado como el resto del pa\u00eds est\u00e1n dentro de una situaci\u00f3n dif\u00edcil y extraordinaria, esto por la propagaci\u00f3n del Covid-19, el cual ha generado una crisis social, econ\u00f3mica y pol\u00edtica en todos los estados, y que por este motivo se tiene que anteponer la salud de la ciudadan\u00eda.&nbsp;<\/p>\n\n\n\n<p>Por otro lado, refiri\u00f3 que, ante los comentarios que indican que podr\u00eda existir una crisis de gobernabilidad en los 84 municipios de no realizarse las elecciones en el mes de septiembre, la misma constituci\u00f3n de Hidalgo presenta una alternativa, que en este caso se representa con los Concejos Municipales, y que en su punto de vista, \u00e9stos deber\u00e1n surgir de un acuerdo pol\u00edtico.&nbsp;<\/p>\n\n\n\n<p>\u201cPorque seguimos diciendo que lo primero es el derecho a la salud y lidiar con esta pandemia en t\u00e9rminos sanitarios y econ\u00f3micos, y no con el proceso electoral en t\u00e9rminos de salvaguardar intereses particulares de grupos partidistas; desde luego respetamos la opini\u00f3n de las autoridades que se han expresado en ese sentido, pero hacemos este llamado\u201d, dijo.&nbsp;<\/p>\n\n\n\n<p>El secretario manifest\u00f3 que desde la c\u00fapula morenista se lanza el exhorto a las autoridades electorales de que se valoren los factores actuales, y que se antepone el derecho a la salud de la poblaci\u00f3n antes que cualquier inter\u00e9s.&nbsp;<\/p>\n\n\n\n<p>Adem\u00e1s, critic\u00f3 el hecho de que el INE sea de las instituciones que realizan un alto gasto p\u00fablico, y que con este panorama, en el que se prev\u00e9 que este proceso electoral se pueda juntar con las elecciones intermedias del 2021, este gasto pueda acrecentar m\u00e1s.<\/p>\n","protected":false},"excerpt":{"rendered":"<p>El secretario de formaci\u00f3n pol\u00edtica de Morena Hidalgo asegura que se debe anteponer la salud de la ciudadan\u00eda<\/p>\n","protected":false},"author":93,"featured_media":0,"comment_status":"closed","ping_status":"open","sticky":false,"template":"","format":"standard","meta":{"footnotes":""},"categories":[59],"tags":[],"class_list":["post-121995","post","type-post","status-publish","format-standard","hentry","category-general"],"_links":{"self":[{"href":"https:\/\/plazajuarez.mx\/historico\/wp-json\/wp\/v2\/posts\/121995","targetHints":{"allow":["GET"]}}],"collection":[{"href":"https:\/\/plazajuarez.mx\/historico\/wp-json\/wp\/v2\/posts"}],"about":[{"href":"https:\/\/plazajuarez.mx\/historico\/wp-json\/wp\/v2\/types\/post"}],"author":[{"embeddable":true,"href":"https:\/\/plazajuarez.mx\/historico\/wp-json\/wp\/v2\/users\/93"}],"replies":[{"embeddable":true,"href":"https:\/\/plazajuarez.mx\/historico\/wp-json\/wp\/v2\/comments?post=121995"}],"version-history":[{"count":0,"href":"https:\/\/plazajuarez.mx\/historico\/wp-json\/wp\/v2\/posts\/121995\/revisions"}],"wp:attachment":[{"href":"https:\/\/plazajuarez.mx\/historico\/wp-json\/wp\/v2\/media?parent=121995"}],"wp:term":[{"taxonomy":"category","embeddable":true,"href":"https:\/\/plazajuarez.mx\/historico\/wp-json\/wp\/v2\/categories?post=121995"},{"taxonomy":"post_tag","embeddable":true,"href":"https:\/\/plazajuarez.mx\/historico\/wp-json\/wp\/v2\/tags?post=121995"}],"curies":[{"name":"wp","href":"https:\/\/api.w.org\/{rel}","templated":true}]}}