{"id":121900,"date":"2020-07-03T06:00:00","date_gmt":"2020-07-03T11:00:00","guid":{"rendered":"https:\/\/plazajuarez.mx\/?p=121900"},"modified":"2020-07-02T23:01:30","modified_gmt":"2020-07-03T04:01:30","slug":"familia-de-gabi-tendra-reparacion-de-dano","status":"publish","type":"post","link":"https:\/\/plazajuarez.mx\/historico\/familia-de-gabi-tendra-reparacion-de-dano\/","title":{"rendered":"Familia de Gabi, tendr\u00e1 reparaci\u00f3n de da\u00f1o"},"content":{"rendered":"\n<ul class=\"wp-block-list\"><li><strong>Van a ser apoyados de manera integral, as\u00ed lo dice la ley de Atenci\u00f3n a V\u00edctimas:<\/strong><\/li><\/ul>\n\n\n\n<!--more-->\n\n\n\n<p><strong>L<\/strong>a jefa de Gobierno, Claudia Sheinbaum, asegur\u00f3 que los familiares de Gabriela G\u00f3mez Cervantes, quien muri\u00f3 durante el atentado en contra del titular de la Polic\u00eda, Omar Garc\u00eda Harfuch, recibir\u00e1n la reparaci\u00f3n integral de la Comisi\u00f3n Ejecutiva de Atenci\u00f3n a V\u00edctimas capitalina (CEAVI), y no solo 60 mil pesos que aseguraban los deudos, les hab\u00edan ofrecido.<\/p>\n\n\n\n<p>&#8220;No s\u00e9 de d\u00f3nde viene esa informaci\u00f3n, ellos van a ser apoyados de manera integral, as\u00ed lo dice la ley de Atenci\u00f3n a V\u00edctimas, ellos solicitan el tema del veh\u00edculo que qued\u00f3 inhabilitado, lo estamos viendo para poderlo dar lo m\u00e1s pronto posible y la reparaci\u00f3n integral la van a tener, a partir de los criterios que tiene la Comisi\u00f3n de V\u00edctimas&#8221;, coment\u00f3 la mandataria.<\/p>\n\n\n\n<p>Por su parte, la CEAVI inform\u00f3 que en coordinaci\u00f3n con el Gobierno de la Ciudad de M\u00e9xico, mantiene acompa\u00f1amiento y atenci\u00f3n permanente a las v\u00edctimas del atentado, a quienes ha apoyado para solventar sus necesidades emergentes, ya que a\u00fan no se proporciona la reparaci\u00f3n integral por el da\u00f1o.<\/p>\n","protected":false},"excerpt":{"rendered":"<p>Van a ser apoyados de manera integral, as\u00ed lo dice la ley de Atenci\u00f3n a V\u00edctimas:<\/p>\n","protected":false},"author":81,"featured_media":0,"comment_status":"closed","ping_status":"open","sticky":false,"template":"","format":"standard","meta":{"footnotes":""},"categories":[37],"tags":[],"class_list":["post-121900","post","type-post","status-publish","format-standard","hentry","category-barandilla"],"_links":{"self":[{"href":"https:\/\/plazajuarez.mx\/historico\/wp-json\/wp\/v2\/posts\/121900","targetHints":{"allow":["GET"]}}],"collection":[{"href":"https:\/\/plazajuarez.mx\/historico\/wp-json\/wp\/v2\/posts"}],"about":[{"href":"https:\/\/plazajuarez.mx\/historico\/wp-json\/wp\/v2\/types\/post"}],"author":[{"embeddable":true,"href":"https:\/\/plazajuarez.mx\/historico\/wp-json\/wp\/v2\/users\/81"}],"replies":[{"embeddable":true,"href":"https:\/\/plazajuarez.mx\/historico\/wp-json\/wp\/v2\/comments?post=121900"}],"version-history":[{"count":0,"href":"https:\/\/plazajuarez.mx\/historico\/wp-json\/wp\/v2\/posts\/121900\/revisions"}],"wp:attachment":[{"href":"https:\/\/plazajuarez.mx\/historico\/wp-json\/wp\/v2\/media?parent=121900"}],"wp:term":[{"taxonomy":"category","embeddable":true,"href":"https:\/\/plazajuarez.mx\/historico\/wp-json\/wp\/v2\/categories?post=121900"},{"taxonomy":"post_tag","embeddable":true,"href":"https:\/\/plazajuarez.mx\/historico\/wp-json\/wp\/v2\/tags?post=121900"}],"curies":[{"name":"wp","href":"https:\/\/api.w.org\/{rel}","templated":true}]}}