{"id":121897,"date":"2020-07-03T06:00:00","date_gmt":"2020-07-03T11:00:00","guid":{"rendered":"https:\/\/plazajuarez.mx\/?p=121897"},"modified":"2020-07-02T22:58:50","modified_gmt":"2020-07-03T03:58:50","slug":"cae-con-auto-a-un-canal-y-pierde-la-vida","status":"publish","type":"post","link":"https:\/\/plazajuarez.mx\/historico\/cae-con-auto-a-un-canal-y-pierde-la-vida\/","title":{"rendered":"Cae con auto a un canal, y pierde la vida"},"content":{"rendered":"\n<ul class=\"wp-block-list\"><li><strong>A las 13:30 horas de ayer, Protecci\u00f3n Civil de Atitalaquia report\u00f3 la tragedia<\/strong><\/li><\/ul>\n\n\n\n<!--more-->\n\n\n\n<p>Un infortunado deceso sufri\u00f3 un hombre reportado como desaparecido, luego de que, con su auto, cay\u00f3 a un canal de aguas negras en el municipio de Atitalaquia, donde su cuerpo fue rescatado por personal de Protecci\u00f3n Civil y Bomberos del lugar.<\/p>\n\n\n\n<p>Se inform\u00f3 que Felipe Garc\u00eda Mart\u00ednez, de 75 a\u00f1os, sali\u00f3 el mi\u00e9rcoles anterior de su domicilio, ubicado en la calle Nicol\u00e1s Bravo, de Tlaxcoapan, y su familia ya no supo de \u00e9l, por lo que la ma\u00f1ana de ayer, lo reportaron como desaparecido.<\/p>\n\n\n\n<p>Fue a filo de las 13:30 horas de ayer, cuando Protecci\u00f3n Civil del municipio de Atitalaquia acudi\u00f3 a verificar un reporte de&nbsp; persona no localizada desde un d\u00eda antes, al parecer al interior de un veh\u00edculo, dentro del canal de aguas negras, donde se apreciaba el toldo de un veh\u00edculo blanco.<\/p>\n\n\n\n<p>Por ello, se procedi\u00f3 al arrastre del veh\u00edculo, Ford K, blanco, con placas de circulaci\u00f3n MZW-8197, encontrando al hombre sin signos vitales, de aproximadamente 75 a\u00f1os, al interior de la unidad.<\/p>\n","protected":false},"excerpt":{"rendered":"<p>A las 13:30 horas de ayer, Protecci\u00f3n Civil de Atitalaquia report\u00f3 la tragedia<\/p>\n","protected":false},"author":93,"featured_media":0,"comment_status":"closed","ping_status":"open","sticky":false,"template":"","format":"standard","meta":{"footnotes":""},"categories":[37],"tags":[],"class_list":["post-121897","post","type-post","status-publish","format-standard","hentry","category-barandilla"],"_links":{"self":[{"href":"https:\/\/plazajuarez.mx\/historico\/wp-json\/wp\/v2\/posts\/121897","targetHints":{"allow":["GET"]}}],"collection":[{"href":"https:\/\/plazajuarez.mx\/historico\/wp-json\/wp\/v2\/posts"}],"about":[{"href":"https:\/\/plazajuarez.mx\/historico\/wp-json\/wp\/v2\/types\/post"}],"author":[{"embeddable":true,"href":"https:\/\/plazajuarez.mx\/historico\/wp-json\/wp\/v2\/users\/93"}],"replies":[{"embeddable":true,"href":"https:\/\/plazajuarez.mx\/historico\/wp-json\/wp\/v2\/comments?post=121897"}],"version-history":[{"count":0,"href":"https:\/\/plazajuarez.mx\/historico\/wp-json\/wp\/v2\/posts\/121897\/revisions"}],"wp:attachment":[{"href":"https:\/\/plazajuarez.mx\/historico\/wp-json\/wp\/v2\/media?parent=121897"}],"wp:term":[{"taxonomy":"category","embeddable":true,"href":"https:\/\/plazajuarez.mx\/historico\/wp-json\/wp\/v2\/categories?post=121897"},{"taxonomy":"post_tag","embeddable":true,"href":"https:\/\/plazajuarez.mx\/historico\/wp-json\/wp\/v2\/tags?post=121897"}],"curies":[{"name":"wp","href":"https:\/\/api.w.org\/{rel}","templated":true}]}}