{"id":121895,"date":"2020-07-03T06:00:00","date_gmt":"2020-07-03T11:00:00","guid":{"rendered":"https:\/\/plazajuarez.mx\/?p=121895"},"modified":"2020-07-02T22:57:55","modified_gmt":"2020-07-03T03:57:55","slug":"muere-luego-de-ser-atropellado-conductor-huyo","status":"publish","type":"post","link":"https:\/\/plazajuarez.mx\/historico\/muere-luego-de-ser-atropellado-conductor-huyo\/","title":{"rendered":"Muere luego de ser atropellado; conductor huy\u00f3"},"content":{"rendered":"\n<ul class=\"wp-block-list\"><li><strong>Fue al filo de las 03:13 horas, cuando se report\u00f3 que un hombre yac\u00eda tirado<\/strong><\/li><\/ul>\n\n\n\n<!--more-->\n\n\n\n<p>La madrugada de ayer, vecinos de la comunidad de Santiago Tlapacoya, perteneciente a Pachuca, informaron a las autoridades que un hombre fue atropellado por un automotor de caracter\u00edsticas desconocidas, cuyo conductor, luego del percance, se dio a la fuga, dejando abandonada a la v\u00edctima.<\/p>\n\n\n\n<p>Fue al filo de las 03:13 horas, cuando al 911 de Emergencias, se report\u00f3 sobre una persona tirada sobre la v\u00eda, por lo que pidieron urgente apoyo de la polic\u00eda y una ambulancia.<\/p>\n\n\n\n<p>Acudi\u00f3 personal de Polic\u00eda Estatal, que junto con los de&nbsp; la Unidad de Protecci\u00f3n Civil de Pachuca, constataron que el infortunado individuo hab\u00eda muerto. Carlos V\u00e1zquez, se presume que contaba con 41 a\u00f1os.<\/p>\n\n\n\n<p>El sitio qued\u00f3 resguardado en espera de personal de la Procuradur\u00eda General de Justicia de Hidalgo, que llev\u00f3 a cabo las diligencias correspondientes.<\/p>\n","protected":false},"excerpt":{"rendered":"<p>Fue al filo de las 03:13 horas, cuando se report\u00f3 que un hombre yac\u00eda tirado<\/p>\n","protected":false},"author":93,"featured_media":0,"comment_status":"closed","ping_status":"open","sticky":false,"template":"","format":"standard","meta":{"footnotes":""},"categories":[37],"tags":[],"class_list":["post-121895","post","type-post","status-publish","format-standard","hentry","category-barandilla"],"_links":{"self":[{"href":"https:\/\/plazajuarez.mx\/historico\/wp-json\/wp\/v2\/posts\/121895","targetHints":{"allow":["GET"]}}],"collection":[{"href":"https:\/\/plazajuarez.mx\/historico\/wp-json\/wp\/v2\/posts"}],"about":[{"href":"https:\/\/plazajuarez.mx\/historico\/wp-json\/wp\/v2\/types\/post"}],"author":[{"embeddable":true,"href":"https:\/\/plazajuarez.mx\/historico\/wp-json\/wp\/v2\/users\/93"}],"replies":[{"embeddable":true,"href":"https:\/\/plazajuarez.mx\/historico\/wp-json\/wp\/v2\/comments?post=121895"}],"version-history":[{"count":0,"href":"https:\/\/plazajuarez.mx\/historico\/wp-json\/wp\/v2\/posts\/121895\/revisions"}],"wp:attachment":[{"href":"https:\/\/plazajuarez.mx\/historico\/wp-json\/wp\/v2\/media?parent=121895"}],"wp:term":[{"taxonomy":"category","embeddable":true,"href":"https:\/\/plazajuarez.mx\/historico\/wp-json\/wp\/v2\/categories?post=121895"},{"taxonomy":"post_tag","embeddable":true,"href":"https:\/\/plazajuarez.mx\/historico\/wp-json\/wp\/v2\/tags?post=121895"}],"curies":[{"name":"wp","href":"https:\/\/api.w.org\/{rel}","templated":true}]}}