{"id":121840,"date":"2020-07-02T06:58:28","date_gmt":"2020-07-02T11:58:28","guid":{"rendered":"https:\/\/plazajuarez.mx\/?p=121840"},"modified":"2020-07-02T06:58:43","modified_gmt":"2020-07-02T11:58:43","slug":"nuevo-tratado-de-libre-comercio-ii","status":"publish","type":"post","link":"https:\/\/plazajuarez.mx\/historico\/nuevo-tratado-de-libre-comercio-ii\/","title":{"rendered":"Nuevo Tratado de Libre Comercio (II)"},"content":{"rendered":"\n<h1 class=\"wp-block-heading\">OPINI\u00d3N<\/h1>\n\n\n\n<ul class=\"wp-block-list\"><li><strong>En medio de un escenario de incertidumbre econ\u00f3mica, entr\u00f3 en vigor el acuerdo comercial m\u00e1s importante para M\u00e9xico<\/strong><\/li><\/ul>\n\n\n\n<p><strong><em>Por: Alfonso P\u00e9rez Daza &#8211; Acad\u00e9mico de la UNAM<\/em><\/strong><\/p>\n\n\n\n<!--more-->\n\n\n\n<p>El Fondo Monetario Internacional public\u00f3 en junio pasado la Actualizaci\u00f3n de las Perspectivas de la Econom\u00eda Mundial. De acuerdo con este reporte, el pron\u00f3stico para la econom\u00eda global es negativo; se prev\u00e9 una ca\u00edda del crecimiento econ\u00f3mico del -4.9% a nivel mundial durante 2020. Pr\u00e1cticamente ninguna regi\u00f3n del mundo queda a salvo de la contracci\u00f3n econ\u00f3mica: Estados Unidos espera una baja del -8.0% en su PIB; Francia, Espa\u00f1a e Italia ser\u00e1n las econom\u00edas m\u00e1s afectadas de la zona euro, al prever -12.5% y -12.8%, respectivamente. En Latinoam\u00e9rica el panorama no es alentador, Brasil por ejemplo podr\u00eda registrar una ca\u00edda de -9.1% y para nuestro pa\u00eds se prev\u00e9 una contracci\u00f3n de la econom\u00eda del -10.5%.<\/p>\n\n\n\n<p>Con base en un an\u00e1lisis sobre las secuelas de la pandemia, el organismo internacional hace una serie de recomendaciones a todos los pa\u00edses, sin importar su situaci\u00f3n en la contingencia sanitaria. Algunas de las m\u00e1s destacadas son fortalecer los recursos de los sistemas sanitarios, amortiguar las p\u00e9rdidas en el ingreso de los hogares y dar apoyo a las empresas afectadas por las restricciones de movilidad y distanciamiento social.<\/p>\n\n\n\n<p>En medio de este escenario de incertidumbre econ\u00f3mica, entr\u00f3 en vigor el acuerdo comercial m\u00e1s importante para M\u00e9xico: el Tratado entre los Estados Unidos Mexicanos, los Estados Unidos de Am\u00e9rica y Canad\u00e1 (T-MEC). En ese sentido, el presidente Andr\u00e9s Manuel L\u00f3pez Obrador ha declarado que el T-MEC impulsar\u00e1 la recuperaci\u00f3n econ\u00f3mica de nuestro pa\u00eds. Sin embargo, a\u00fan se enfrentan varios retos para la implementaci\u00f3n de este tratado internacional. Uno de ellos es la adecuaci\u00f3n de nuestras leyes a los nuevos compromisos adquiridos con Estados Unidos y Canad\u00e1. Por ejemplo, en materia propiedad intelectual, se requieren nuevas disposiciones jur\u00eddicas para la protecci\u00f3n de los derechos de autor en el entorno digital.<\/p>\n\n\n\n<p>Otro elemento que me parece fundamental es el cumplimiento del \u00faltimo p\u00e1rrafo del art\u00edculo 25 constitucional que establece el deber de las autoridades, de todos los \u00f3rdenes de gobierno, de implementar pol\u00edticas p\u00fablicas de mejora regulatoria para la simplificaci\u00f3n de regulaciones, tr\u00e1mites, servicios y dem\u00e1s objetivos que establezcan las leyes. Ejemplo de ello es facilitar la organizaci\u00f3n y la expansi\u00f3n de la actividad econ\u00f3mica del sector social, de los ejidos, organizaciones de trabajadores, cooperativas, comunidades, empresas que pertenezcan mayoritaria o exclusivamente a los trabajadores y, en general, de todas las formas de organizaci\u00f3n social para la producci\u00f3n, distribuci\u00f3n y consumo de bienes y servicios socialmente necesarios.<\/p>\n\n\n\n<p>El texto del citado art\u00edculo es claro en el sentido de que la ley &#8220;alentar\u00e1 y proteger\u00e1 la actividad econ\u00f3mica que realicen los particulares y proveer\u00e1 las condiciones para que el desenvolvimiento del sector privado contribuya al desarrollo econ\u00f3mico nacional, promoviendo la competitividad e implementando una pol\u00edtica nacional para el desarrollo industrial sustentable que incluya vertientes sectoriales y regionales, en los t\u00e9rminos que establece esta Constituci\u00f3n&#8221;.<\/p>\n\n\n\n<p>Actualmente, los procedimientos de importaci\u00f3n y exportaci\u00f3n que tenemos se prev\u00e9n en un marco regulatorio administrativo que es susceptible de mejora. El dinamismo de la actividad econ\u00f3mica requiere de tr\u00e1mites r\u00e1pidos, sencillos y, sobre todo, al alcance de todos quienes contribuyen al desarrollo econ\u00f3mico nacional. Es fundamental no perder de vista la brecha existente entre las peque\u00f1as y medianas empresas respecto a las grandes industrias de nuestro pa\u00eds. Facilitar y mejorar el marco regulatorio en materia administrativa contribuir\u00eda sustancialmente a que todos los productores de M\u00e9xico aprovechen los beneficios que otorga el nuevo acuerdo comercial de Norteam\u00e9rica.&nbsp;<\/p>\n","protected":false},"excerpt":{"rendered":"<p>OPINI\u00d3N En medio de un escenario de incertidumbre econ\u00f3mica, entr\u00f3 en vigor el acuerdo comercial m\u00e1s importante para M\u00e9xico Por: Alfonso P\u00e9rez Daza &#8211; Acad\u00e9mico de la UNAM<\/p>\n","protected":false},"author":81,"featured_media":0,"comment_status":"closed","ping_status":"open","sticky":false,"template":"","format":"standard","meta":{"footnotes":""},"categories":[42],"tags":[],"class_list":["post-121840","post","type-post","status-publish","format-standard","hentry","category-nuestrapalabra"],"_links":{"self":[{"href":"https:\/\/plazajuarez.mx\/historico\/wp-json\/wp\/v2\/posts\/121840","targetHints":{"allow":["GET"]}}],"collection":[{"href":"https:\/\/plazajuarez.mx\/historico\/wp-json\/wp\/v2\/posts"}],"about":[{"href":"https:\/\/plazajuarez.mx\/historico\/wp-json\/wp\/v2\/types\/post"}],"author":[{"embeddable":true,"href":"https:\/\/plazajuarez.mx\/historico\/wp-json\/wp\/v2\/users\/81"}],"replies":[{"embeddable":true,"href":"https:\/\/plazajuarez.mx\/historico\/wp-json\/wp\/v2\/comments?post=121840"}],"version-history":[{"count":0,"href":"https:\/\/plazajuarez.mx\/historico\/wp-json\/wp\/v2\/posts\/121840\/revisions"}],"wp:attachment":[{"href":"https:\/\/plazajuarez.mx\/historico\/wp-json\/wp\/v2\/media?parent=121840"}],"wp:term":[{"taxonomy":"category","embeddable":true,"href":"https:\/\/plazajuarez.mx\/historico\/wp-json\/wp\/v2\/categories?post=121840"},{"taxonomy":"post_tag","embeddable":true,"href":"https:\/\/plazajuarez.mx\/historico\/wp-json\/wp\/v2\/tags?post=121840"}],"curies":[{"name":"wp","href":"https:\/\/api.w.org\/{rel}","templated":true}]}}