{"id":121838,"date":"2020-07-02T06:56:13","date_gmt":"2020-07-02T11:56:13","guid":{"rendered":"https:\/\/plazajuarez.mx\/?p=121838"},"modified":"2020-07-02T06:56:26","modified_gmt":"2020-07-02T11:56:26","slug":"en-cambio-de-administracion-habra-buenas-cuentas","status":"publish","type":"post","link":"https:\/\/plazajuarez.mx\/historico\/en-cambio-de-administracion-habra-buenas-cuentas\/","title":{"rendered":"\u201cEn cambio de administraci\u00f3n, habr\u00e1 buenas cuentas\u201d"},"content":{"rendered":"\n<ul class=\"wp-block-list\"><li><strong>El alcalde&nbsp; dijo que por m\u00e1s de 20 a\u00f1os no se hab\u00eda hecho un trabajo como el logrado en su administraci\u00f3n&nbsp;<\/strong><\/li><\/ul>\n\n\n\n<ul class=\"wp-block-list\"><li><strong>Presumi\u00f3 que se logr\u00f3 poner en orden los bienes activos \u201cse logr\u00f3 incrementar el patrimonio municipal\u201d.<\/strong><\/li><\/ul>\n\n\n\n<!--more-->\n\n\n\n<p><strong>Tula de Allende<\/strong>.- El alcalde, Ismael Gadoth Tapia Ben\u00edtez, record\u00f3 que durante la entrega-recepci\u00f3n con la anterior administraci\u00f3n hubo m\u00e1s de 2 mil 197 bienes que no est\u00e1n localizados, \u201cla idea fue poner en orden el inventario, algo que se dej\u00f3 de hacer desde hace m\u00e1s de 20 a\u00f1os\u201d.<\/p>\n\n\n\n<p>\u201cPor m\u00e1s de 20 a\u00f1os no se hab\u00eda hecho un trabajo como el logrado durante su administraci\u00f3n&nbsp; al poner en orden los bienes activos y especificar en qu\u00e9 condiciones est\u00e1n los dem\u00e1s bienes, adem\u00e1s de que se lograron escriturar predios a nombre del municipio con lo que se increment\u00f3 el patrimonio municipal\u201d.<\/p>\n\n\n\n<p>\u201cSe trata de dejar buenas cuentas\u201d. Hizo referencia a que las bajas patrimoniales de bienes mayores a su valor en libros cuyos registros contables datan desde la d\u00e9cada de 1980 a la fecha. Es decir, bienes que con el uso y el transcurso del tiempo, han sufrido depreciaci\u00f3n.<\/p>\n\n\n\n<p>Del valor real para 2020 en la mayor\u00eda de los casos y de acuerdo a las reglas del Consejo de Armonizaci\u00f3n Contable (Conac) para los entes p\u00fablicos, representan un valor inferior, cuya reparaci\u00f3n resulta incosteable e improductiva para el municipio, dadas las condiciones f\u00edsicas de desecho en que se encuentran actualmente los bienes deteriorados o siniestrados en su caso.<\/p>\n\n\n\n<p>Cabe hacer menci\u00f3n que de acuerdo al valor factura en el rubro de p\u00e9rdida, robo o extravi\u00f3 el monto asciende a 467 mil 522.48 pesos; deteriorados 14 millones 252 mil 721.23 pesos; no localizados 4 millones 971 mil 741.43 pesos; lo que hace un valor hist\u00f3rico registrado en el momento de su adquisici\u00f3n de 19 millones 691 mil 985.14 pesos.<\/p>\n","protected":false},"excerpt":{"rendered":"<p>El alcalde&nbsp; dijo que por m\u00e1s de 20 a\u00f1os no se hab\u00eda hecho un trabajo como el logrado en su administraci\u00f3n&nbsp; Presumi\u00f3 que se logr\u00f3 poner en orden los bienes activos \u201cse logr\u00f3 incrementar el patrimonio municipal\u201d.<\/p>\n","protected":false},"author":71,"featured_media":0,"comment_status":"closed","ping_status":"open","sticky":false,"template":"","format":"standard","meta":{"footnotes":""},"categories":[40],"tags":[],"class_list":["post-121838","post","type-post","status-publish","format-standard","hentry","category-region"],"_links":{"self":[{"href":"https:\/\/plazajuarez.mx\/historico\/wp-json\/wp\/v2\/posts\/121838","targetHints":{"allow":["GET"]}}],"collection":[{"href":"https:\/\/plazajuarez.mx\/historico\/wp-json\/wp\/v2\/posts"}],"about":[{"href":"https:\/\/plazajuarez.mx\/historico\/wp-json\/wp\/v2\/types\/post"}],"author":[{"embeddable":true,"href":"https:\/\/plazajuarez.mx\/historico\/wp-json\/wp\/v2\/users\/71"}],"replies":[{"embeddable":true,"href":"https:\/\/plazajuarez.mx\/historico\/wp-json\/wp\/v2\/comments?post=121838"}],"version-history":[{"count":0,"href":"https:\/\/plazajuarez.mx\/historico\/wp-json\/wp\/v2\/posts\/121838\/revisions"}],"wp:attachment":[{"href":"https:\/\/plazajuarez.mx\/historico\/wp-json\/wp\/v2\/media?parent=121838"}],"wp:term":[{"taxonomy":"category","embeddable":true,"href":"https:\/\/plazajuarez.mx\/historico\/wp-json\/wp\/v2\/categories?post=121838"},{"taxonomy":"post_tag","embeddable":true,"href":"https:\/\/plazajuarez.mx\/historico\/wp-json\/wp\/v2\/tags?post=121838"}],"curies":[{"name":"wp","href":"https:\/\/api.w.org\/{rel}","templated":true}]}}