{"id":121837,"date":"2020-07-02T06:55:06","date_gmt":"2020-07-02T11:55:06","guid":{"rendered":"https:\/\/plazajuarez.mx\/?p=121837"},"modified":"2020-07-02T06:55:20","modified_gmt":"2020-07-02T11:55:20","slug":"sesiona-asamblea-municipal-de-forma-virtual","status":"publish","type":"post","link":"https:\/\/plazajuarez.mx\/historico\/sesiona-asamblea-municipal-de-forma-virtual\/","title":{"rendered":"Sesiona Asamblea Municipal de forma virtual"},"content":{"rendered":"\n<ul class=\"wp-block-list\"><li><strong>Asistieron todos los asamble\u00edstas; la lectura del dictamen la llev\u00f3 a cabo la s\u00edndica hacendaria, Jannet Arroyo<\/strong><\/li><\/ul>\n\n\n\n<ul class=\"wp-block-list\"><li><strong>Aprobaron por mayor\u00eda la baja de bienes muebles e intangibles patrimoniales menores y no identificados\u00a0en la contabilidad de Tula<\/strong><\/li><\/ul>\n\n\n\n<!--more-->\n\n\n\n<p><strong>Tula de Allende<\/strong>.- La ma\u00f1ana de ayer, la Asamblea Municipal reinici\u00f3 sesiones de Cabildo, de forma virtual, con lo que da cumplimiento a las medidas sanitarias recomendadas.\u00a0<\/p>\n\n\n\n<p>En la sesi\u00f3n se aprob\u00f3, por mayor\u00eda de votos, el dictamen de la Comisi\u00f3n Permanente de Hacienda Municipal respecto a la propuesta de baja de bienes muebles e intangibles patrimoniales menores y no identificados&nbsp;en contabilidad del municipio de Tula.<\/p>\n\n\n\n<p>En la decimos\u00e9ptima sesi\u00f3n extraordinaria participaron todos los integrantes de la Asamblea Municipal a trav\u00e9s de videoconferencia, posterior a la lectura del dictamen que llev\u00f3 a cabo la s\u00edndica hacendaria, Jannet Arroyo; aprob\u00f3 por mayor\u00eda la baja de bienes muebles e intangibles patrimoniales menores y no identificados&nbsp; en la contabilidad del municipio de Tula.<\/p>\n\n\n\n<p>Durante la sesi\u00f3n, el alcalde, Ismael Gadoth Tapia Ben\u00edtez, destac\u00f3 que el Contralor Municipal, Marcolino Escamilla, llev\u00f3 a cabo el trabajo de no menos de 20 a\u00f1os que no se hac\u00eda, por lo que ahora se cuenta con la identificaci\u00f3n y clasificaci\u00f3n de los bienes en el inventario.<\/p>\n\n\n\n<p>Dijo que se ejecutaron los trabajos e identificaci\u00f3n del registro de los bienes muebles mayores y menores, adem\u00e1s se gener\u00f3 una base de datos de los mismos, su clasificaci\u00f3n, su ubicaci\u00f3n y con ello se logr\u00f3 la lista de los que ser\u00e1n dados de bajas. Adem\u00e1s de la etiquetaci\u00f3n, estado f\u00edsico y vida \u00fatil, conforme a su deterioro por el uso.<\/p>\n\n\n\n<p>Tapia Ben\u00edtez resalt\u00f3 que corresponder\u00e1 a la siguiente administraci\u00f3n municipal, la enajenaci\u00f3n y el destino final de los bienes, toda vez que este gobierno dio cumplimiento a la Ley General de Contabilidad Gubernamental, con el levantamiento f\u00edsico del inventario de los bienes de la administraci\u00f3n p\u00fablica.<\/p>\n\n\n\n<p>Finalmente se aprob\u00f3, por mayor\u00eda, la baja contable que actualmente representa un valor de desecho de la totalidad de 2 millones 500 mil pesos.&nbsp;<\/p>\n\n\n\n<p>Cabe hacer menci\u00f3n que las regidoras&nbsp; Guadalupe Pe\u00f1a y Rosa Olivia Garc\u00eda se abstuvieron de votar; la primera expres\u00f3 que no cont\u00f3 con toda la informaci\u00f3n que le permitiera emitir un voto a favor.<\/p>\n","protected":false},"excerpt":{"rendered":"<p>Asistieron todos los asamble\u00edstas; la lectura del dictamen la llev\u00f3 a cabo la s\u00edndica hacendaria, Jannet Arroyo Aprobaron por mayor\u00eda la baja de bienes muebles e intangibles patrimoniales menores y no identificados\u00a0en la contabilidad de Tula<\/p>\n","protected":false},"author":71,"featured_media":0,"comment_status":"closed","ping_status":"open","sticky":false,"template":"","format":"standard","meta":{"footnotes":""},"categories":[40],"tags":[],"class_list":["post-121837","post","type-post","status-publish","format-standard","hentry","category-region"],"_links":{"self":[{"href":"https:\/\/plazajuarez.mx\/historico\/wp-json\/wp\/v2\/posts\/121837","targetHints":{"allow":["GET"]}}],"collection":[{"href":"https:\/\/plazajuarez.mx\/historico\/wp-json\/wp\/v2\/posts"}],"about":[{"href":"https:\/\/plazajuarez.mx\/historico\/wp-json\/wp\/v2\/types\/post"}],"author":[{"embeddable":true,"href":"https:\/\/plazajuarez.mx\/historico\/wp-json\/wp\/v2\/users\/71"}],"replies":[{"embeddable":true,"href":"https:\/\/plazajuarez.mx\/historico\/wp-json\/wp\/v2\/comments?post=121837"}],"version-history":[{"count":0,"href":"https:\/\/plazajuarez.mx\/historico\/wp-json\/wp\/v2\/posts\/121837\/revisions"}],"wp:attachment":[{"href":"https:\/\/plazajuarez.mx\/historico\/wp-json\/wp\/v2\/media?parent=121837"}],"wp:term":[{"taxonomy":"category","embeddable":true,"href":"https:\/\/plazajuarez.mx\/historico\/wp-json\/wp\/v2\/categories?post=121837"},{"taxonomy":"post_tag","embeddable":true,"href":"https:\/\/plazajuarez.mx\/historico\/wp-json\/wp\/v2\/tags?post=121837"}],"curies":[{"name":"wp","href":"https:\/\/api.w.org\/{rel}","templated":true}]}}