{"id":121795,"date":"2020-07-02T06:22:34","date_gmt":"2020-07-02T11:22:34","guid":{"rendered":"https:\/\/plazajuarez.mx\/?p=121795"},"modified":"2020-07-02T06:22:50","modified_gmt":"2020-07-02T11:22:50","slug":"laguna-de-voces-643","status":"publish","type":"post","link":"https:\/\/plazajuarez.mx\/historico\/laguna-de-voces-643\/","title":{"rendered":"LAGUNA DE VOCES"},"content":{"rendered":"\n<h1 class=\"wp-block-heading\"><strong>Baila mientras alumbre la vela<\/strong><\/h1>\n\n\n\n<ul class=\"wp-block-list\"><li><strong>Baila mientras le vela no se apague, porque al menos en lo que conocemos no habr\u00e1 otra oportunidad<\/strong><\/li><\/ul>\n\n\n\n<!--more-->\n\n\n\n<p>\u201cHay que bailar en tanto no se apague la vela\u201d, dec\u00eda mi padre cuando recordaba la fiesta del 25 de agosto en el pueblo de sus a\u00f1os mozos, animada por el sonido de un solo viol\u00edn y una noche tan oscura que persegu\u00eda la nostalgia de los que acababan fundidos con las estrellas sin que lo supieran.<\/p>\n\n\n\n<p>A falta de luz, una vela marcaba el rito de las festividades, en un baile que pod\u00eda prolongarse mientras iluminara lo suficiente los pasos de quienes bailaban gustosos un d\u00eda al a\u00f1o en honor a San Miguel, oportunidad \u00fanica para enamorarse de la vida en los ojos de una mujer hermosa que marcar\u00eda el destino infinito de todos sus descendientes.<\/p>\n\n\n\n<p>Sin embargo, la expresi\u00f3n de mi padre iba m\u00e1s all\u00e1 de la fiesta del pueblo, y ahora que lo comprendo, ten\u00eda que ver con decirnos a sus hijos, a sus nietos muchos, que la vida puede ser una vela como la del Macario de Traven, que ilumina al ser prendida apenas unas esquinas de la caverna que es la existencia humana, despu\u00e9s se convierte en una tea ardiente esplendorosa, hasta que empieza a parpadear con la irremediable certeza de que se apagar\u00e1 cuando uno empieza a pensar que ser\u00eda eterna.<\/p>\n\n\n\n<p>Otras, tan frecuentes como la vida que consideramos normal por llevarnos de este mundo en la edad madura, la vela no aguanta siquiera el soplo breve del aire de verano y se apaga con la sorpresa del que parte de manera sorpresiva v\u00edctima de una accidente o enfermedad, pero con un dolor tan profundo, tan desgarrador en los que se quedan, que llevan a las conjeturas constantes de que es absurdo y que solo Dios puede tener una explicaci\u00f3n.<\/p>\n\n\n\n<p>Bailar en tanto no se apague la vela es aprovechar la oportunidad \u00fanica de vivir, as\u00ed, simple y sencillamente vivir, lo que implica amar con absoluta voluntad cada una de las cosas que se hagan a lo largo de un d\u00eda, m\u00e1s si se trata del asunto entra\u00f1able de la querencia, porque pasado el tiempo no habr\u00e1 nueva oportunidad como la que ofrece el cari\u00f1o, ese que tanta falta hace a la humanidad misma.<\/p>\n\n\n\n<p>Tambi\u00e9n es la posibilidad de reencontrar los caminos que se han perdido bajo la oscuridad de las equivocaciones, el desinter\u00e9s por descubrirle a la vida el sentido real, que nada o poco tiene que ver con lo que se esfuma igual que la vela que es la existencia.<\/p>\n\n\n\n<p>Baila mientras le vela no se apague, porque al menos en lo que conocemos no habr\u00e1 otra oportunidad, como no sea lamentarse diariamente por lo que se perdi\u00f3 entre la incapacidad para comprender que solo tenemos una luz, a veces parpadeante pero constante, \u00fanica, la que se nos otorg\u00f3 en el momento justo en que nacimos.<\/p>\n\n\n\n<p>Baila con ganas, con profunda vocaci\u00f3n de creer, de tener fe en la exquisita belleza de los d\u00edas que se nos regalan para ser los que nos miramos en la edad que todo era posible a fuerza de quererlo nada m\u00e1s. No importa si la edad nos hace rengos por un paso mal dado, por una ca\u00edda de la que pensamos ya nunca podr\u00edamos levantarnos. El asunto es aprovechar la luz de la vela, que cuenta el tiempo que nos queda, pero tambi\u00e9n el que est\u00e1 a la mano para querer vivir.<\/p>\n\n\n\n<p>Por eso, nada m\u00e1s por eso, supe que las fiestas del pueblo que vivi\u00f3 mi padre en su juventud eran las mejores que hayan existido, y lo sab\u00edan de coraz\u00f3n con la alegr\u00eda pueblerina de los que conocen del campo, de las estrellas \u00fanicas en esos lugares.<\/p>\n\n\n\n<p>Ahora lo comprendo, y me da gusto, me despierta cada vez que la tristeza que anticipa las sombras, llega de pronto y sopla con la maldad de querer apagarlo todo.<\/p>\n\n\n\n<p><strong>Mil gracias, hasta ma\u00f1ana.<\/strong><\/p>\n\n\n\n<p><a href=\"mailto:jeperalta@plazajuarez.mx\/historico\/historico\">jeperalta@plazajuarez.mx\/historico\/historico<\/a><\/p>\n\n\n\n<p>@JavierEPeralta<\/p>\n","protected":false},"excerpt":{"rendered":"<p>Baila mientras alumbre la vela Baila mientras le vela no se apague, porque al menos en lo que conocemos no habr\u00e1 otra oportunidad<\/p>\n","protected":false},"author":10,"featured_media":0,"comment_status":"closed","ping_status":"open","sticky":false,"template":"","format":"standard","meta":{"footnotes":""},"categories":[49,42],"tags":[],"class_list":["post-121795","post","type-post","status-publish","format-standard","hentry","category-javier-peralta","category-nuestrapalabra"],"_links":{"self":[{"href":"https:\/\/plazajuarez.mx\/historico\/wp-json\/wp\/v2\/posts\/121795","targetHints":{"allow":["GET"]}}],"collection":[{"href":"https:\/\/plazajuarez.mx\/historico\/wp-json\/wp\/v2\/posts"}],"about":[{"href":"https:\/\/plazajuarez.mx\/historico\/wp-json\/wp\/v2\/types\/post"}],"author":[{"embeddable":true,"href":"https:\/\/plazajuarez.mx\/historico\/wp-json\/wp\/v2\/users\/10"}],"replies":[{"embeddable":true,"href":"https:\/\/plazajuarez.mx\/historico\/wp-json\/wp\/v2\/comments?post=121795"}],"version-history":[{"count":0,"href":"https:\/\/plazajuarez.mx\/historico\/wp-json\/wp\/v2\/posts\/121795\/revisions"}],"wp:attachment":[{"href":"https:\/\/plazajuarez.mx\/historico\/wp-json\/wp\/v2\/media?parent=121795"}],"wp:term":[{"taxonomy":"category","embeddable":true,"href":"https:\/\/plazajuarez.mx\/historico\/wp-json\/wp\/v2\/categories?post=121795"},{"taxonomy":"post_tag","embeddable":true,"href":"https:\/\/plazajuarez.mx\/historico\/wp-json\/wp\/v2\/tags?post=121795"}],"curies":[{"name":"wp","href":"https:\/\/api.w.org\/{rel}","templated":true}]}}