{"id":121777,"date":"2020-07-02T06:00:00","date_gmt":"2020-07-02T11:00:00","guid":{"rendered":"https:\/\/plazajuarez.mx\/?p=121777"},"modified":"2020-07-01T23:19:16","modified_gmt":"2020-07-02T04:19:16","slug":"suiza-impone-el-uso-de-la-mascarilla-en-el-transporte-publico","status":"publish","type":"post","link":"https:\/\/plazajuarez.mx\/historico\/suiza-impone-el-uso-de-la-mascarilla-en-el-transporte-publico\/","title":{"rendered":"Suiza impone el uso de la mascarilla en el transporte p\u00fablico"},"content":{"rendered":"\n<ul class=\"wp-block-list\"><li><strong>Se impondr\u00e1 debido al aumento de viajeros, &#8220;que hace dif\u00edcil mantener la distancia f\u00edsica&#8221;\u00a0<\/strong><\/li><\/ul>\n\n\n\n<!--more-->\n\n\n\n<p>EFE.- El Gobierno de Suiza anunci\u00f3 ayer que ser\u00e1 obligatorio llevar mascarilla en los transportes p\u00fablicos del pa\u00eds a partir del lunes 6 de julio, ante el repunte de nuevos casos de coronavirus que se registran a diario en este pa\u00eds desde mediados de junio.<\/p>\n\n\n\n<p>Un comunicado oficial del Consejo Federal (Ejecutivo) suizo anunci\u00f3 esta medida, as\u00ed como la imposici\u00f3n de cuarentenas a las personas que lleguen a Suiza procedentes de &#8220;determinadas regiones&#8221;, aunque la lista actualizada de pa\u00edses afectados ser\u00e1 actualizada por la Oficina Federal de Salud P\u00fablica pr\u00f3ximamente.<\/p>\n\n\n\n<p>El uso de mascarillas en el transporte p\u00fablico, que hasta ahora s\u00f3lo era aconsejado y estaba siendo bastante laxo entre la poblaci\u00f3n suiza, tambi\u00e9n se impondr\u00e1 debido al reciente aumento de viajeros, &#8220;que hace dif\u00edcil mantener la distancia f\u00edsica&#8221; de metro y medio.<\/p>\n\n\n\n<p>La obligaci\u00f3n se aplicar\u00e1 a mayores de 12 a\u00f1os en trenes, tranv\u00edas, autobuses, funiculares, telef\u00e9ricos y barcos, indic\u00f3 el comunicado.<\/p>\n","protected":false},"excerpt":{"rendered":"<p>Se impondr\u00e1 debido al aumento de viajeros, &#8220;que hace dif\u00edcil mantener la distancia f\u00edsica&#8221;\u00a0<\/p>\n","protected":false},"author":80,"featured_media":0,"comment_status":"closed","ping_status":"open","sticky":false,"template":"","format":"standard","meta":{"footnotes":""},"categories":[31],"tags":[],"class_list":["post-121777","post","type-post","status-publish","format-standard","hentry","category-orbe"],"_links":{"self":[{"href":"https:\/\/plazajuarez.mx\/historico\/wp-json\/wp\/v2\/posts\/121777","targetHints":{"allow":["GET"]}}],"collection":[{"href":"https:\/\/plazajuarez.mx\/historico\/wp-json\/wp\/v2\/posts"}],"about":[{"href":"https:\/\/plazajuarez.mx\/historico\/wp-json\/wp\/v2\/types\/post"}],"author":[{"embeddable":true,"href":"https:\/\/plazajuarez.mx\/historico\/wp-json\/wp\/v2\/users\/80"}],"replies":[{"embeddable":true,"href":"https:\/\/plazajuarez.mx\/historico\/wp-json\/wp\/v2\/comments?post=121777"}],"version-history":[{"count":0,"href":"https:\/\/plazajuarez.mx\/historico\/wp-json\/wp\/v2\/posts\/121777\/revisions"}],"wp:attachment":[{"href":"https:\/\/plazajuarez.mx\/historico\/wp-json\/wp\/v2\/media?parent=121777"}],"wp:term":[{"taxonomy":"category","embeddable":true,"href":"https:\/\/plazajuarez.mx\/historico\/wp-json\/wp\/v2\/categories?post=121777"},{"taxonomy":"post_tag","embeddable":true,"href":"https:\/\/plazajuarez.mx\/historico\/wp-json\/wp\/v2\/tags?post=121777"}],"curies":[{"name":"wp","href":"https:\/\/api.w.org\/{rel}","templated":true}]}}