{"id":121756,"date":"2020-07-02T06:00:00","date_gmt":"2020-07-02T11:00:00","guid":{"rendered":"https:\/\/plazajuarez.mx\/?p=121756"},"modified":"2020-07-01T23:10:05","modified_gmt":"2020-07-02T04:10:05","slug":"harvey-weinstein-y-sus-deudas","status":"publish","type":"post","link":"https:\/\/plazajuarez.mx\/historico\/harvey-weinstein-y-sus-deudas\/","title":{"rendered":"Harvey Weinstein y sus deudas"},"content":{"rendered":"\n<ul class=\"wp-block-list\"><li><strong>Weinstein, que era el productor de cine m\u00e1s poderoso de Hollywood, fue condenado el pasado 11 de marzo\u00a0<\/strong><\/li><\/ul>\n\n\n\n<!--more-->\n\n\n\n<p>Varias mujeres abusadas sexualmente y hostigadas mientras trabajaron para la compa\u00f1\u00eda del ahora convicto productor de cine estadounidense Harvey Weinstein recibir\u00e1n una compensaci\u00f3n econ\u00f3mica de un total de 19 millones de d\u00f3lares, seg\u00fan un acuerdo dado a conocer por la Fiscal\u00eda General de Nueva York.<\/p>\n\n\n\n<p>El pacto, que debe ser aprobado por las cortes de bancarrota y por la del distrito de Manhattan, es resultado de una demanda que present\u00f3 la Fiscal\u00eda en febrero de 2018 contra el productor, su compa\u00f1\u00eda Weinstein y su hermano Robert Weinstein por mantener un ambiente hostil de trabajo.<\/p>\n\n\n\n<p>Tambi\u00e9n de una acci\u00f3n colectiva presentada por separado por un grupo de mujeres que fueron acosadas y agredidas sexualmente por Weinstein, inform\u00f3 la fiscal general, Letitia James, en un comunicado.<\/p>\n\n\n\n<p>Weinstein, fue condenado el pasado 11 de marzo a 23 a\u00f1os de prisi\u00f3n en Nueva York por violaci\u00f3n y agresi\u00f3n sexual a dos mujeres, tras un juicio que dio voz a sus v\u00edctimas y ciment\u00f3 las reivindicaciones del movimiento feminista del #MeToo, que cataliz\u00f3 su esc\u00e1ndalo.<\/p>\n\n\n\n<p>&#8220;Harvey Weinstein y la compa\u00f1\u00eda les fallaron a sus empleadas. Despu\u00e9s de todo el acoso, las amenazas y la discriminaci\u00f3n, estas supervivientes finalmente reciben algo de justicia&#8221;, afirm\u00f3 James en el comunicado.<\/p>\n","protected":false},"excerpt":{"rendered":"<p>Weinstein, que era el productor de cine m\u00e1s poderoso de Hollywood, fue condenado el pasado 11 de marzo\u00a0<\/p>\n","protected":false},"author":80,"featured_media":0,"comment_status":"closed","ping_status":"open","sticky":false,"template":"","format":"standard","meta":{"footnotes":""},"categories":[38],"tags":[],"class_list":["post-121756","post","type-post","status-publish","format-standard","hentry","category-show"],"_links":{"self":[{"href":"https:\/\/plazajuarez.mx\/historico\/wp-json\/wp\/v2\/posts\/121756","targetHints":{"allow":["GET"]}}],"collection":[{"href":"https:\/\/plazajuarez.mx\/historico\/wp-json\/wp\/v2\/posts"}],"about":[{"href":"https:\/\/plazajuarez.mx\/historico\/wp-json\/wp\/v2\/types\/post"}],"author":[{"embeddable":true,"href":"https:\/\/plazajuarez.mx\/historico\/wp-json\/wp\/v2\/users\/80"}],"replies":[{"embeddable":true,"href":"https:\/\/plazajuarez.mx\/historico\/wp-json\/wp\/v2\/comments?post=121756"}],"version-history":[{"count":0,"href":"https:\/\/plazajuarez.mx\/historico\/wp-json\/wp\/v2\/posts\/121756\/revisions"}],"wp:attachment":[{"href":"https:\/\/plazajuarez.mx\/historico\/wp-json\/wp\/v2\/media?parent=121756"}],"wp:term":[{"taxonomy":"category","embeddable":true,"href":"https:\/\/plazajuarez.mx\/historico\/wp-json\/wp\/v2\/categories?post=121756"},{"taxonomy":"post_tag","embeddable":true,"href":"https:\/\/plazajuarez.mx\/historico\/wp-json\/wp\/v2\/tags?post=121756"}],"curies":[{"name":"wp","href":"https:\/\/api.w.org\/{rel}","templated":true}]}}