{"id":121755,"date":"2020-07-02T06:00:00","date_gmt":"2020-07-02T11:00:00","guid":{"rendered":"https:\/\/plazajuarez.mx\/?p=121755"},"modified":"2020-07-01T23:08:50","modified_gmt":"2020-07-02T04:08:50","slug":"llevaran-pelicula-sobre-la-esclavitud-a-apple-tv","status":"publish","type":"post","link":"https:\/\/plazajuarez.mx\/historico\/llevaran-pelicula-sobre-la-esclavitud-a-apple-tv\/","title":{"rendered":"Llevar\u00e1n pel\u00edcula sobre la esclavitud a Apple TV+"},"content":{"rendered":"\n<ul class=\"wp-block-list\"><li><strong>Apple compr\u00f3 este proyecto por una cifra r\u00e9cord de 105 millones de d\u00f3lares<\/strong><\/li><\/ul>\n\n\n\n<!--more-->\n\n\n\n<p>El actor Will Smith y el director Antoine Fuqua han llegado a un acuerdo con Apple para que el gigante de la manzana se quede con &#8220;Emancipation&#8221;, una cinta sobre la esclavitud en Estados Unidos enmarcada en la Guerra de la Secesi\u00f3n (1861-1865).<\/p>\n\n\n\n<p>El portal Deadline asegur\u00f3 este mi\u00e9rcoles que Apple compr\u00f3 este proyecto por una cifra r\u00e9cord de 105 millones de d\u00f3lares tras una dura pugna (especialmente con Warner Bros.) dentro del mercado virtual de Cannes (March\u00e9 du Film).<\/p>\n\n\n\n<p>La pel\u00edcula, basada en una historia real, se estrenar\u00e1 en los cines y poco despu\u00e9s llegar\u00e1 a Apple TV+.<\/p>\n\n\n\n<p>Smith, nominado en dos ocasiones al \u00d3scar y considerado como una de las estrellas en Hollywood m\u00e1s populares, interpretar\u00e1 a Gordon, un esclavo en los estados sure\u00f1os (la Confederaci\u00f3n) que en la Guerra de la Secesi\u00f3n defend\u00edan la esclavitud contra los territorios del norte.<\/p>\n\n\n\n<p>&#8220;Emancipation&#8221; relatar\u00e1 el intento de Gordon por escapar de los esclavistas blancos sure\u00f1os.<\/p>\n","protected":false},"excerpt":{"rendered":"<p>Apple compr\u00f3 este proyecto por una cifra r\u00e9cord de 105 millones de d\u00f3lares<\/p>\n","protected":false},"author":80,"featured_media":0,"comment_status":"closed","ping_status":"open","sticky":false,"template":"","format":"standard","meta":{"footnotes":""},"categories":[38],"tags":[],"class_list":["post-121755","post","type-post","status-publish","format-standard","hentry","category-show"],"_links":{"self":[{"href":"https:\/\/plazajuarez.mx\/historico\/wp-json\/wp\/v2\/posts\/121755","targetHints":{"allow":["GET"]}}],"collection":[{"href":"https:\/\/plazajuarez.mx\/historico\/wp-json\/wp\/v2\/posts"}],"about":[{"href":"https:\/\/plazajuarez.mx\/historico\/wp-json\/wp\/v2\/types\/post"}],"author":[{"embeddable":true,"href":"https:\/\/plazajuarez.mx\/historico\/wp-json\/wp\/v2\/users\/80"}],"replies":[{"embeddable":true,"href":"https:\/\/plazajuarez.mx\/historico\/wp-json\/wp\/v2\/comments?post=121755"}],"version-history":[{"count":0,"href":"https:\/\/plazajuarez.mx\/historico\/wp-json\/wp\/v2\/posts\/121755\/revisions"}],"wp:attachment":[{"href":"https:\/\/plazajuarez.mx\/historico\/wp-json\/wp\/v2\/media?parent=121755"}],"wp:term":[{"taxonomy":"category","embeddable":true,"href":"https:\/\/plazajuarez.mx\/historico\/wp-json\/wp\/v2\/categories?post=121755"},{"taxonomy":"post_tag","embeddable":true,"href":"https:\/\/plazajuarez.mx\/historico\/wp-json\/wp\/v2\/tags?post=121755"}],"curies":[{"name":"wp","href":"https:\/\/api.w.org\/{rel}","templated":true}]}}