{"id":121754,"date":"2020-07-02T06:00:00","date_gmt":"2020-07-02T11:00:00","guid":{"rendered":"https:\/\/plazajuarez.mx\/?p=121754"},"modified":"2020-07-01T23:06:55","modified_gmt":"2020-07-02T04:06:55","slug":"dustin-hoffman-quiere-volver-a-broadway","status":"publish","type":"post","link":"https:\/\/plazajuarez.mx\/historico\/dustin-hoffman-quiere-volver-a-broadway\/","title":{"rendered":"Dustin Hoffman quiere volver a Broadway"},"content":{"rendered":"\n<ul class=\"wp-block-list\"><li><strong>El portal Deadline asegur\u00f3 este martes que el actor protagonizar\u00e1 en 2021 una representaci\u00f3n de &#8220;Our Town&#8221; de Thornton Wilder<\/strong><\/li><\/ul>\n\n\n\n<!--more-->\n\n\n\n<p>Dustin Hoffman, ganador de dos premios \u00d3scar pero cuyo brillante curr\u00edculum se vio manchado en 2017 por una serie de acusaciones por presunto acoso sexual, apunta a Broadway para volver a la interpretaci\u00f3n en Estados Unidos tras varios a\u00f1os sin trabajar y en un discreto segundo plano.<\/p>\n\n\n\n<p>El portal Deadline asegur\u00f3 este martes que Hoffman protagonizar\u00e1 en 2021 una representaci\u00f3n de &#8220;Our Town&#8221; de Thornton Wilder bajo la direcci\u00f3n de Bartlett Sher y la producci\u00f3n de Scott Rudin.<\/p>\n\n\n\n<p>Ser\u00e1 la primera obra de Hoffman en Broadway desde &#8220;The Merchant of Venice&#8221;, por la que recibi\u00f3 una nominaci\u00f3n en 1989 en los premios Tony.<\/p>\n\n\n\n<p>Ganador del \u00d3scar al mejor actor por &#8220;Kramer vs. Kramer&#8221; (1979) y &#8220;Rain Man&#8221; (1988), Hoffman, que en agosto cumplir\u00e1 83 a\u00f1os, estren\u00f3 en octubre de 2017 &#8220;The Meyerowitz Stories&#8221;, cinta de Noah Baumbach en Netflix y con Adam Sandler y Ben Stiller en su reparto que aspiraba a colarse en los premios de Hollywood de aquel a\u00f1o.<\/p>\n\n\n\n<p>Pero esas pretensiones desaparecieron r\u00e1pidamente cuando entre noviembre y diciembre comenzaron a conocerse una serie de acusaciones contra Hoffman por varios casos de presunto acoso sexual.<\/p>\n\n\n\n<p>La primera fue la escritora Anna Graham Hunter, quien asegur\u00f3 que el actor la manose\u00f3 durante el rodaje del telefilme &#8220;Death of a Salesman&#8221; y habl\u00f3 de temas sexuales de forma inapropiada con ella.<\/p>\n\n\n\n<p>Poco despu\u00e9s habl\u00f3 la autora teatral Wendy Riss Gatsiounis, quien sostuvo que Hoffman se le insinu\u00f3 repetidamente en una reuni\u00f3n de trabajo.<\/p>\n\n\n\n<p>Asimismo, la actriz Kathryn Rossetter, que protagoniz\u00f3 la obra &#8220;Death of a Salesman&#8221; junto Hoffman en 1984, calific\u00f3 aquella experiencia como &#8220;horrible, desmoralizadora y abusiva&#8221; en un texto donde aseguraba que el actor se propas\u00f3 sexualmente con ella y a\u00f1ad\u00eda que, en una ocasi\u00f3n, le quit\u00f3 la ropa de forma que sus pechos quedaron a la vista del resto del equipo.<\/p>\n\n\n\n<p>Cinco mujeres m\u00e1s se unieron a estas acusaciones a mitad de diciembre con otros se\u00f1alamientos similares: exhibicionismo delante de sus compa\u00f1eras de trabajo, episodios de masturbaci\u00f3n frente a ellas, e incluso una presunta agresi\u00f3n en la que oblig\u00f3 a una mujer a practicarle una felaci\u00f3n.<\/p>\n\n\n\n<p>Hoffman pidi\u00f3 perd\u00f3n por lo sucedido con Anna Graham Hunter pero neg\u00f3 el resto de acusaciones.<\/p>\n\n\n\n<p>Toda esta pol\u00e9mica en torno a Hoffman se conoci\u00f3 en las semanas posteriores al esc\u00e1ndalo Harvey Weinstein, que provoc\u00f3 un terremoto en Hollywood y que impuls\u00f3 el movimiento #MeToo en contra del abuso y el acoso sexual machista.<\/p>\n","protected":false},"excerpt":{"rendered":"<p>El portal Deadline asegur\u00f3 este martes que el actor protagonizar\u00e1 en 2021 una representaci\u00f3n de &#8220;Our Town&#8221; de Thornton Wilder<\/p>\n","protected":false},"author":80,"featured_media":0,"comment_status":"closed","ping_status":"open","sticky":false,"template":"","format":"standard","meta":{"footnotes":""},"categories":[38],"tags":[],"class_list":["post-121754","post","type-post","status-publish","format-standard","hentry","category-show"],"_links":{"self":[{"href":"https:\/\/plazajuarez.mx\/historico\/wp-json\/wp\/v2\/posts\/121754","targetHints":{"allow":["GET"]}}],"collection":[{"href":"https:\/\/plazajuarez.mx\/historico\/wp-json\/wp\/v2\/posts"}],"about":[{"href":"https:\/\/plazajuarez.mx\/historico\/wp-json\/wp\/v2\/types\/post"}],"author":[{"embeddable":true,"href":"https:\/\/plazajuarez.mx\/historico\/wp-json\/wp\/v2\/users\/80"}],"replies":[{"embeddable":true,"href":"https:\/\/plazajuarez.mx\/historico\/wp-json\/wp\/v2\/comments?post=121754"}],"version-history":[{"count":0,"href":"https:\/\/plazajuarez.mx\/historico\/wp-json\/wp\/v2\/posts\/121754\/revisions"}],"wp:attachment":[{"href":"https:\/\/plazajuarez.mx\/historico\/wp-json\/wp\/v2\/media?parent=121754"}],"wp:term":[{"taxonomy":"category","embeddable":true,"href":"https:\/\/plazajuarez.mx\/historico\/wp-json\/wp\/v2\/categories?post=121754"},{"taxonomy":"post_tag","embeddable":true,"href":"https:\/\/plazajuarez.mx\/historico\/wp-json\/wp\/v2\/tags?post=121754"}],"curies":[{"name":"wp","href":"https:\/\/api.w.org\/{rel}","templated":true}]}}