{"id":121753,"date":"2020-07-02T06:00:00","date_gmt":"2020-07-02T11:00:00","guid":{"rendered":"https:\/\/plazajuarez.mx\/?p=121753"},"modified":"2020-07-01T23:05:47","modified_gmt":"2020-07-02T04:05:47","slug":"sixers-aseguran-que-ben-simmons-esta-recuperado-y-joel-embiid-en-plenitud","status":"publish","type":"post","link":"https:\/\/plazajuarez.mx\/historico\/sixers-aseguran-que-ben-simmons-esta-recuperado-y-joel-embiid-en-plenitud\/","title":{"rendered":"Sixers aseguran que Ben Simmons est\u00e1 recuperado y Joel Embiid, en plenitud"},"content":{"rendered":"\n<ul class=\"wp-block-list\"><li><strong>La misma situaci\u00f3n vive el p\u00edvot estelar camerun\u00e9s Joel Embiid, que ha encontrado la mejor forma f\u00edsica desde que lleg\u00f3 a la NBA<\/strong><\/li><\/ul>\n\n\n\n<!--more-->\n\n\n\n<p>(EFE).- Los Sixers de Filadelfia preparan su puesta a punto para el reinicio de la temporada regular, que se dar\u00e1 a finales de este mes en la &#8216;burbuja&#8217; de Orlando (Florida), y el base australiano Ben Simmons ser\u00e1 uno de sus baluartes despu\u00e9s de haberse recuperado por completo de la espalda.<\/p>\n\n\n\n<p>La misma situaci\u00f3n vive el p\u00edvot estelar camerun\u00e9s Joel Embiid, que ha encontrado la mejor forma f\u00edsica desde que lleg\u00f3 a la NBA.<\/p>\n\n\n\n<p>Al menos eso fue lo que inform\u00f3 este mi\u00e9rcoles el entrenador de los Sixers, Brett Brown, durante una conferencia telef\u00f3nica que mantuvo con los periodistas.<\/p>\n\n\n\n<p>&#8220;Ben (Simmons) se encuentra recuperado al ciento por ciento de la espalda&#8221;, afirm\u00f3 Brown. &#8220;Est\u00e1 listo para volver a ser un jugador decisivo dentro de nuestro equipo despu\u00e9s del gran trabajo que ha realizado durante este tiempo en el que no hubo competici\u00f3n&#8221;.<\/p>\n\n\n\n<p>Brown reconoci\u00f3 que una de las pocas cosas que el par\u00f3n forzado por la pandemia del coronavirus ha dejado ha sido el permitir que Simmons tuviese el tiempo suficiente para recuperarse por completo de los problemas f\u00edsicos que arrastraba en los \u00faltimos meses.<\/p>\n","protected":false},"excerpt":{"rendered":"<p>La misma situaci\u00f3n vive el p\u00edvot estelar camerun\u00e9s Joel Embiid, que ha encontrado la mejor forma f\u00edsica desde que lleg\u00f3 a la NBA<\/p>\n","protected":false},"author":80,"featured_media":0,"comment_status":"closed","ping_status":"open","sticky":false,"template":"","format":"standard","meta":{"footnotes":""},"categories":[39],"tags":[],"class_list":["post-121753","post","type-post","status-publish","format-standard","hentry","category-deportiva"],"_links":{"self":[{"href":"https:\/\/plazajuarez.mx\/historico\/wp-json\/wp\/v2\/posts\/121753","targetHints":{"allow":["GET"]}}],"collection":[{"href":"https:\/\/plazajuarez.mx\/historico\/wp-json\/wp\/v2\/posts"}],"about":[{"href":"https:\/\/plazajuarez.mx\/historico\/wp-json\/wp\/v2\/types\/post"}],"author":[{"embeddable":true,"href":"https:\/\/plazajuarez.mx\/historico\/wp-json\/wp\/v2\/users\/80"}],"replies":[{"embeddable":true,"href":"https:\/\/plazajuarez.mx\/historico\/wp-json\/wp\/v2\/comments?post=121753"}],"version-history":[{"count":0,"href":"https:\/\/plazajuarez.mx\/historico\/wp-json\/wp\/v2\/posts\/121753\/revisions"}],"wp:attachment":[{"href":"https:\/\/plazajuarez.mx\/historico\/wp-json\/wp\/v2\/media?parent=121753"}],"wp:term":[{"taxonomy":"category","embeddable":true,"href":"https:\/\/plazajuarez.mx\/historico\/wp-json\/wp\/v2\/categories?post=121753"},{"taxonomy":"post_tag","embeddable":true,"href":"https:\/\/plazajuarez.mx\/historico\/wp-json\/wp\/v2\/tags?post=121753"}],"curies":[{"name":"wp","href":"https:\/\/api.w.org\/{rel}","templated":true}]}}