{"id":121752,"date":"2020-07-02T06:00:00","date_gmt":"2020-07-02T11:00:00","guid":{"rendered":"https:\/\/plazajuarez.mx\/?p=121752"},"modified":"2020-07-01T23:04:26","modified_gmt":"2020-07-02T04:04:26","slug":"cancelan-maraton-y-medio-maraton-de-la-cdmx-por-covid-19","status":"publish","type":"post","link":"https:\/\/plazajuarez.mx\/historico\/cancelan-maraton-y-medio-maraton-de-la-cdmx-por-covid-19\/","title":{"rendered":"Cancelan Marat\u00f3n y Medio Marat\u00f3n de la CDMX por Covid-19"},"content":{"rendered":"\n<ul class=\"wp-block-list\"><li><strong>El organismo inform\u00f3 que, en este momento no existen las condiciones m\u00ednimas necesarias para que los corredores se preparan para competir<\/strong><\/li><\/ul>\n\n\n\n<!--more-->\n\n\n\n<p>(EL UNIVERSAL).- El Instituto del Deporte de la Ciudad de M\u00e9xico anunci\u00f3 que despu\u00e9s de analizar con las autoridades sanitarias y los protocolos internacionales para los eventos deportivos ante la emergencia sanitaria por Covid-19, el Gobierno capitalino decidi\u00f3 cancelar el Marat\u00f3n de la Ciudad de M\u00e9xico Telcel 2020, programado para el domingo 30 de agosto, y el Medio Marat\u00f3n de la Ciudad de M\u00e9xico BBVA 2020, que hab\u00eda sido reprogramado para el 25 de octubre.<\/p>\n\n\n\n<p>El organismo inform\u00f3 que, en este momento, no existen las condiciones m\u00ednimas necesarias para que los corredores se preparen para competir en alguna de las dos distancias, 42.195 kil\u00f3metros y 21.097 kil\u00f3metros, respectivamente.<\/p>\n\n\n\n<p>Por tal motivo, el Indeporte se enfocar\u00e1 en la organizaci\u00f3n de ambos eventos en sus pr\u00f3ximas ediciones.<\/p>\n\n\n\n<p>Hasta el momento se hab\u00edan inscrito al Marat\u00f3n 2020, 2 mil 959 corredores, a quienes se les inform\u00f3 que tienen tres opciones para elegir la que m\u00e1s convenga a sus intereses:<\/p>\n\n\n\n<p>1.- Hacer v\u00e1lida su actual inscripci\u00f3n para utilizarla en la edici\u00f3n 2021. A quienes elijan esta opci\u00f3n, se les obsequiar\u00e1 la medalla de 2020 sin costo adicional para que puedan continuar con su medallero. Para obtener dicha medalla, ser\u00e1 imprescindible correr la edici\u00f3n de 2021 de manera completa.<\/p>\n\n\n\n<p>2.- Traspaso de su actual inscripci\u00f3n a nombre de otro corredor para la edici\u00f3n 2021.<\/p>\n\n\n\n<p>3.- Reembolso del 100 por ciento del costo de la inscripci\u00f3n.<\/p>\n\n\n\n<p>Los detalles de cada una de las tres opciones pueden ser consultados en el sitio oficial del evento: maraton.cdmx.gob.mx<\/p>\n\n\n\n<p>Para el Medio Marat\u00f3n BBVA 2020 no se hab\u00eda abierto el periodo de inscripciones, por lo tanto, no hay que realizar ning\u00fan tipo de reembolso, ni transferir o hacer v\u00e1lida ninguna inscripci\u00f3n a corredores.<\/p>\n","protected":false},"excerpt":{"rendered":"<p>El organismo inform\u00f3 que, en este momento no existen las condiciones m\u00ednimas necesarias para que los corredores se preparan para competir<\/p>\n","protected":false},"author":81,"featured_media":0,"comment_status":"closed","ping_status":"open","sticky":false,"template":"","format":"standard","meta":{"footnotes":""},"categories":[39],"tags":[],"class_list":["post-121752","post","type-post","status-publish","format-standard","hentry","category-deportiva"],"_links":{"self":[{"href":"https:\/\/plazajuarez.mx\/historico\/wp-json\/wp\/v2\/posts\/121752","targetHints":{"allow":["GET"]}}],"collection":[{"href":"https:\/\/plazajuarez.mx\/historico\/wp-json\/wp\/v2\/posts"}],"about":[{"href":"https:\/\/plazajuarez.mx\/historico\/wp-json\/wp\/v2\/types\/post"}],"author":[{"embeddable":true,"href":"https:\/\/plazajuarez.mx\/historico\/wp-json\/wp\/v2\/users\/81"}],"replies":[{"embeddable":true,"href":"https:\/\/plazajuarez.mx\/historico\/wp-json\/wp\/v2\/comments?post=121752"}],"version-history":[{"count":0,"href":"https:\/\/plazajuarez.mx\/historico\/wp-json\/wp\/v2\/posts\/121752\/revisions"}],"wp:attachment":[{"href":"https:\/\/plazajuarez.mx\/historico\/wp-json\/wp\/v2\/media?parent=121752"}],"wp:term":[{"taxonomy":"category","embeddable":true,"href":"https:\/\/plazajuarez.mx\/historico\/wp-json\/wp\/v2\/categories?post=121752"},{"taxonomy":"post_tag","embeddable":true,"href":"https:\/\/plazajuarez.mx\/historico\/wp-json\/wp\/v2\/tags?post=121752"}],"curies":[{"name":"wp","href":"https:\/\/api.w.org\/{rel}","templated":true}]}}