{"id":121750,"date":"2020-07-02T06:00:00","date_gmt":"2020-07-02T11:00:00","guid":{"rendered":"https:\/\/plazajuarez.mx\/?p=121750"},"modified":"2020-07-01T23:00:05","modified_gmt":"2020-07-02T04:00:05","slug":"vigon-acepta-incertidumbre-por-covid-19-en-los-equipos","status":"publish","type":"post","link":"https:\/\/plazajuarez.mx\/historico\/vigon-acepta-incertidumbre-por-covid-19-en-los-equipos\/","title":{"rendered":"Vig\u00f3n acepta incertidumbre por Covid-19 en los equipos"},"content":{"rendered":"\n<ul class=\"wp-block-list\"><li><strong>Este fin de semana inicia la Copa por M\u00e9xico, certamen de car\u00e1cter amistoso, que servir\u00e1 de preparaci\u00f3n para la Liga Mx\u00a0<\/strong><\/li><\/ul>\n\n\n\n<!--more-->\n\n\n\n<p>El pr\u00f3ximo s\u00e1bado los Pumas regresan a las canchas para enfrentar a Cruz Azul en la Copa por M\u00e9xico. Auriazules y La M\u00e1quina se enfrentar\u00e1n en el Ol\u00edmpico Universitario y al parecer, no todo est\u00e1 listo.<\/p>\n\n\n\n<p>Cruz Azul, con la situaci\u00f3n interna que vive debido a sus contagiados por Coronavirus, no estar\u00e1 con plantel completo en el regreso a la actividad; sin embargo, esa situaci\u00f3n genera incertidumbre en el seno del Club Universidad.<\/p>\n\n\n\n<p>&#8220;En la cancha es dif\u00edcil acordarte de eso. Al principio puede haber miedo, pero las pruebas y cuidados que se hacen reducen el porcentaje de riesgo de contagio. Habr\u00e1 esa incertidumbre y miedito, pero dentro de la cancha, todos los compa\u00f1eros se nos olvida eso y nos dedicamos a jugar y a hacerlo lo mejor posible. Mala onda que compa\u00f1eros de profesi\u00f3n y la gente tenga Covid. Nosotros extra\u00f1amos jugar y queremos dar espect\u00e1culo&#8221;, declar\u00f3 el mediocampista Vig\u00f3n.<\/p>\n","protected":false},"excerpt":{"rendered":"<p>Este fin de semana inicia la Copa por M\u00e9xico, certamen de car\u00e1cter amistoso, que servir\u00e1 de preparaci\u00f3n para la Liga Mx\u00a0<\/p>\n","protected":false},"author":81,"featured_media":0,"comment_status":"closed","ping_status":"open","sticky":false,"template":"","format":"standard","meta":{"footnotes":""},"categories":[39],"tags":[],"class_list":["post-121750","post","type-post","status-publish","format-standard","hentry","category-deportiva"],"_links":{"self":[{"href":"https:\/\/plazajuarez.mx\/historico\/wp-json\/wp\/v2\/posts\/121750","targetHints":{"allow":["GET"]}}],"collection":[{"href":"https:\/\/plazajuarez.mx\/historico\/wp-json\/wp\/v2\/posts"}],"about":[{"href":"https:\/\/plazajuarez.mx\/historico\/wp-json\/wp\/v2\/types\/post"}],"author":[{"embeddable":true,"href":"https:\/\/plazajuarez.mx\/historico\/wp-json\/wp\/v2\/users\/81"}],"replies":[{"embeddable":true,"href":"https:\/\/plazajuarez.mx\/historico\/wp-json\/wp\/v2\/comments?post=121750"}],"version-history":[{"count":0,"href":"https:\/\/plazajuarez.mx\/historico\/wp-json\/wp\/v2\/posts\/121750\/revisions"}],"wp:attachment":[{"href":"https:\/\/plazajuarez.mx\/historico\/wp-json\/wp\/v2\/media?parent=121750"}],"wp:term":[{"taxonomy":"category","embeddable":true,"href":"https:\/\/plazajuarez.mx\/historico\/wp-json\/wp\/v2\/categories?post=121750"},{"taxonomy":"post_tag","embeddable":true,"href":"https:\/\/plazajuarez.mx\/historico\/wp-json\/wp\/v2\/tags?post=121750"}],"curies":[{"name":"wp","href":"https:\/\/api.w.org\/{rel}","templated":true}]}}