{"id":121749,"date":"2020-07-02T06:00:00","date_gmt":"2020-07-02T11:00:00","guid":{"rendered":"https:\/\/plazajuarez.mx\/?p=121749"},"modified":"2020-07-01T23:01:40","modified_gmt":"2020-07-02T04:01:40","slug":"siempre-he-dicho-que-estoy-listo-para-ir-a-europa-miguel-herrera","status":"publish","type":"post","link":"https:\/\/plazajuarez.mx\/historico\/siempre-he-dicho-que-estoy-listo-para-ir-a-europa-miguel-herrera\/","title":{"rendered":"Siempre he dicho que estoy listo para ir a Europa: Miguel Herrera"},"content":{"rendered":"\n<ul class=\"wp-block-list\"><li><strong>El timonel azulcrema se prepara para la Copa por M\u00e9xico, en la cual sus \u00c1guilas debutan este viernes frente al Toluca<\/strong><\/li><\/ul>\n\n\n\n<!--more-->\n\n\n\n<p>\u00a0(EL UNIVERSAL).- Miguel Herrera no le hace caso a los rumores, nadie le ha llamado por tel\u00e9fono o presentado alguna propuesta para salir de Coapa. Pero, en caso de recibir esa llamada, esa oferta para dirigir en Europa, est\u00e1 presto para el desaf\u00edo.<\/p>\n\n\n\n<p>Siempre lo he dicho [estar listo], pero, por supuesto,\u00a0 tendr\u00e9 que pensar d\u00f3nde estoy y con qui\u00e9n estoy. Cuando exista un acercamiento, lo tomar\u00e9 como tangible, pero hoy no [hay oferta]&#8221;, explica el entrenador brevemente v\u00eda telef\u00f3nica.<\/p>\n\n\n\n<p>El timonel azulcrema se prepara para la Copa por M\u00e9xico, en la cual sus \u00c1guilas debutan este viernes frente al Toluca, en el estadio Ol\u00edmpico Universitario. Si hay un inter\u00e9s por parte del Real Betis, no lo sabe.<br>&#8220;Estoy concentrado en lo que debo trabajar con el Am\u00e9rica y en eso estoy pensando ahorita&#8221;, remata.<\/p>\n\n\n\n<p>Si llegara una oferta de un club en Europa, ya fuera el Betis \u2013con los mexicanos Andr\u00e9s Guardado o Diego Lainez\u2013 u otro equipo, Herrera tiene la oportunidad de sentarse, analizar el proyecto y decidir si se queda o se va.<\/p>\n\n\n\n<p>El acuerdo con el propietario del Am\u00e9rica, Emilio Azc\u00e1rraga, es verbal. La directiva azulcrema no va a prohibir cumplir su sue\u00f1o, pero Miguel no va a irse s\u00f3lo porque s\u00ed.<\/p>\n\n\n\n<p>Herrera se ha convertido en uno de los mejores entrenadores en la historia de las \u00c1guilas y un t\u00edtulo m\u00e1s lo coronar\u00e1 como el m\u00e1ximo ganador en el Nido. En sus dos etapas en Coapa, dos t\u00edtulos de Liga MX, uno de Copa y un Campe\u00f3n de Campeones.<\/p>\n","protected":false},"excerpt":{"rendered":"<p>El timonel azulcrema se prepara para la Copa por M\u00e9xico, en la cual sus \u00c1guilas debutan este viernes frente al Toluca<\/p>\n","protected":false},"author":81,"featured_media":0,"comment_status":"closed","ping_status":"open","sticky":false,"template":"","format":"standard","meta":{"footnotes":""},"categories":[39],"tags":[],"class_list":["post-121749","post","type-post","status-publish","format-standard","hentry","category-deportiva"],"_links":{"self":[{"href":"https:\/\/plazajuarez.mx\/historico\/wp-json\/wp\/v2\/posts\/121749","targetHints":{"allow":["GET"]}}],"collection":[{"href":"https:\/\/plazajuarez.mx\/historico\/wp-json\/wp\/v2\/posts"}],"about":[{"href":"https:\/\/plazajuarez.mx\/historico\/wp-json\/wp\/v2\/types\/post"}],"author":[{"embeddable":true,"href":"https:\/\/plazajuarez.mx\/historico\/wp-json\/wp\/v2\/users\/81"}],"replies":[{"embeddable":true,"href":"https:\/\/plazajuarez.mx\/historico\/wp-json\/wp\/v2\/comments?post=121749"}],"version-history":[{"count":0,"href":"https:\/\/plazajuarez.mx\/historico\/wp-json\/wp\/v2\/posts\/121749\/revisions"}],"wp:attachment":[{"href":"https:\/\/plazajuarez.mx\/historico\/wp-json\/wp\/v2\/media?parent=121749"}],"wp:term":[{"taxonomy":"category","embeddable":true,"href":"https:\/\/plazajuarez.mx\/historico\/wp-json\/wp\/v2\/categories?post=121749"},{"taxonomy":"post_tag","embeddable":true,"href":"https:\/\/plazajuarez.mx\/historico\/wp-json\/wp\/v2\/tags?post=121749"}],"curies":[{"name":"wp","href":"https:\/\/api.w.org\/{rel}","templated":true}]}}