{"id":121664,"date":"2020-07-01T06:00:00","date_gmt":"2020-07-01T11:00:00","guid":{"rendered":"https:\/\/plazajuarez.mx\/?p=121664"},"modified":"2020-07-01T07:29:20","modified_gmt":"2020-07-01T12:29:20","slug":"acuerdan-tianguistas-y-alcaldia-seguir-sin-instalarse","status":"publish","type":"post","link":"https:\/\/plazajuarez.mx\/historico\/acuerdan-tianguistas-y-alcaldia-seguir-sin-instalarse\/","title":{"rendered":"Acuerdan tianguistas y alcald\u00eda, seguir sin instalarse"},"content":{"rendered":"\n<ul class=\"wp-block-list\"><li><strong>\u201cHasta que cambie el sem\u00e1foro epidemiol\u00f3gico\u201d<\/strong><\/li><\/ul>\n\n\n\n<ul class=\"wp-block-list\"><li><strong>Los tianguistas ya tienen dos meses sin poder vender sus productos<\/strong><\/li><\/ul>\n\n\n\n<!--more-->\n\n\n\n<p><strong>Apan<\/strong>.- Por segundo mes consecutivo, tianguistas de los mi\u00e9rcoles, acordaron con autoridades municipales, \u201cno instalarse\u201d, hasta que cambie el sem\u00e1foro epidemiol\u00f3gico.<\/p>\n\n\n\n<p>El acuerdo fue celebrado entre la alcaldesa Mar\u00eda Antonieta de los \u00c1ngeles Anaya, y los l\u00edderes tianguistas de los mi\u00e9rcoles, quienes por espacio de m\u00e1s de tres horas, mantuvieron una reuni\u00f3n, para determinar que aplazar\u00e1n su instalaci\u00f3n hasta que cambie el sem\u00e1foro a color naranja.<\/p>\n\n\n\n<p>En la junta, los l\u00edderes tianguistas manifestaron su preocupaci\u00f3n, ya que sus econom\u00edas se han visto afectadas, pues durante dos meses no han realizado venta alguna de sus productos.<\/p>\n\n\n\n<p>La presidenta municipal les dijo que para la segunda quincena del mes de julio, ya podr\u00e1n instalarse, siempre y cuando el sem\u00e1foro epidemiol\u00f3gico, cambie a color naranja, y adem\u00e1s de que se respeten las medidas dictadas por el Sector Salud.<\/p>\n","protected":false},"excerpt":{"rendered":"<p>\u201cHasta que cambie el sem\u00e1foro epidemiol\u00f3gico\u201d Los tianguistas ya tienen dos meses sin poder vender sus productos<\/p>\n","protected":false},"author":69,"featured_media":0,"comment_status":"closed","ping_status":"open","sticky":false,"template":"","format":"standard","meta":{"footnotes":""},"categories":[15,40],"tags":[],"class_list":["post-121664","post","type-post","status-publish","format-standard","hentry","category-destacadas","category-region"],"_links":{"self":[{"href":"https:\/\/plazajuarez.mx\/historico\/wp-json\/wp\/v2\/posts\/121664","targetHints":{"allow":["GET"]}}],"collection":[{"href":"https:\/\/plazajuarez.mx\/historico\/wp-json\/wp\/v2\/posts"}],"about":[{"href":"https:\/\/plazajuarez.mx\/historico\/wp-json\/wp\/v2\/types\/post"}],"author":[{"embeddable":true,"href":"https:\/\/plazajuarez.mx\/historico\/wp-json\/wp\/v2\/users\/69"}],"replies":[{"embeddable":true,"href":"https:\/\/plazajuarez.mx\/historico\/wp-json\/wp\/v2\/comments?post=121664"}],"version-history":[{"count":0,"href":"https:\/\/plazajuarez.mx\/historico\/wp-json\/wp\/v2\/posts\/121664\/revisions"}],"wp:attachment":[{"href":"https:\/\/plazajuarez.mx\/historico\/wp-json\/wp\/v2\/media?parent=121664"}],"wp:term":[{"taxonomy":"category","embeddable":true,"href":"https:\/\/plazajuarez.mx\/historico\/wp-json\/wp\/v2\/categories?post=121664"},{"taxonomy":"post_tag","embeddable":true,"href":"https:\/\/plazajuarez.mx\/historico\/wp-json\/wp\/v2\/tags?post=121664"}],"curies":[{"name":"wp","href":"https:\/\/api.w.org\/{rel}","templated":true}]}}