{"id":121654,"date":"2020-07-01T07:24:48","date_gmt":"2020-07-01T12:24:48","guid":{"rendered":"https:\/\/plazajuarez.mx\/?p=121654"},"modified":"2020-07-01T07:25:04","modified_gmt":"2020-07-01T12:25:04","slug":"productores-del-campo-de-la-region-se-quejan-de-lider","status":"publish","type":"post","link":"https:\/\/plazajuarez.mx\/historico\/productores-del-campo-de-la-region-se-quejan-de-lider\/","title":{"rendered":"Productores del campo de la regi\u00f3n, se quejan de l\u00edder"},"content":{"rendered":"\n<ul class=\"wp-block-list\"><li><strong>Hugo S\u00e1nchez les ha negado el agua para la irrigaci\u00f3n de sus cultivos<\/strong><\/li><\/ul>\n\n\n\n<ul class=\"wp-block-list\"><li><strong>\u201cPrimero deben liquidar sus adeudos econ\u00f3micos\u201d, argumenta<\/strong><\/li><\/ul>\n\n\n\n<!--more-->\n\n\n\n<p><strong>San Salvador<\/strong>.- Productores del campo en la regi\u00f3n viven una grave crisis de la que responsabilizan a Hugo S\u00e1nchez Quiroz, l\u00edder de la organizaci\u00f3n de usuarios de aguas negras, debido a que ha negado el vital l\u00edquido para la irrigaci\u00f3n de sus tierras, afectando a diversos cultivos.\u00a0<\/p>\n\n\n\n<p>De acuerdo a afectados, de los municipios de San Salvador, Progreso de Obreg\u00f3n, Francisco I. Madero e Ixmiquilpan, el l\u00edder de esta organizaci\u00f3n, se niega ayudarles, debido a que primero deben liquidar adeudos econ\u00f3micos.&nbsp;<\/p>\n\n\n\n<p>La situaci\u00f3n econ\u00f3mica de los productores se ha tornado dif\u00edcil, m\u00e1xime ahora que se encuentran en el ciclo agr\u00edcola, denunciaron, por ello han pedido ayuda a la Comisi\u00f3n Nacional del Agua (Conagua) para que intervenga en esta crisis.&nbsp;<\/p>\n\n\n\n<p>En este sentido, los productores han denunciado que el dirigente de la organizaci\u00f3n agr\u00edcola, condiciona los apoyos y por sus decisiones, ha puesto en riesgo diversos cultivos afectados por la falta de irrigaci\u00f3n.&nbsp;<\/p>\n\n\n\n<p>Recientemente, Hugo S\u00e1nchez Quiroz, encabez\u00f3 una manifestaci\u00f3n contra el gobierno federal, donde denunci\u00f3, que a diferencia de gobiernos anteriores, los apoyos para el campo ya no llegan a las organizaciones como la que \u00e9l preside.&nbsp;<\/p>\n\n\n\n<p>El gobierno federal por su parte, precis\u00f3, que los apoyos al campo llegar\u00e1n directo a los productores y no a las organizaciones sociales, debido a la corrupci\u00f3n que ah\u00ed impera.&nbsp;<\/p>\n","protected":false},"excerpt":{"rendered":"<p>Hugo S\u00e1nchez les ha negado el agua para la irrigaci\u00f3n de sus cultivos \u201cPrimero deben liquidar sus adeudos econ\u00f3micos\u201d, argumenta<\/p>\n","protected":false},"author":75,"featured_media":0,"comment_status":"closed","ping_status":"open","sticky":false,"template":"","format":"standard","meta":{"footnotes":""},"categories":[40],"tags":[],"class_list":["post-121654","post","type-post","status-publish","format-standard","hentry","category-region"],"_links":{"self":[{"href":"https:\/\/plazajuarez.mx\/historico\/wp-json\/wp\/v2\/posts\/121654","targetHints":{"allow":["GET"]}}],"collection":[{"href":"https:\/\/plazajuarez.mx\/historico\/wp-json\/wp\/v2\/posts"}],"about":[{"href":"https:\/\/plazajuarez.mx\/historico\/wp-json\/wp\/v2\/types\/post"}],"author":[{"embeddable":true,"href":"https:\/\/plazajuarez.mx\/historico\/wp-json\/wp\/v2\/users\/75"}],"replies":[{"embeddable":true,"href":"https:\/\/plazajuarez.mx\/historico\/wp-json\/wp\/v2\/comments?post=121654"}],"version-history":[{"count":0,"href":"https:\/\/plazajuarez.mx\/historico\/wp-json\/wp\/v2\/posts\/121654\/revisions"}],"wp:attachment":[{"href":"https:\/\/plazajuarez.mx\/historico\/wp-json\/wp\/v2\/media?parent=121654"}],"wp:term":[{"taxonomy":"category","embeddable":true,"href":"https:\/\/plazajuarez.mx\/historico\/wp-json\/wp\/v2\/categories?post=121654"},{"taxonomy":"post_tag","embeddable":true,"href":"https:\/\/plazajuarez.mx\/historico\/wp-json\/wp\/v2\/tags?post=121654"}],"curies":[{"name":"wp","href":"https:\/\/api.w.org\/{rel}","templated":true}]}}