{"id":121652,"date":"2020-07-01T07:22:50","date_gmt":"2020-07-01T12:22:50","guid":{"rendered":"https:\/\/plazajuarez.mx\/?p=121652"},"modified":"2020-07-01T07:23:03","modified_gmt":"2020-07-01T12:23:03","slug":"reabrira-balnearios-y-parques-acuaticos-cuando-el-semaforo-lo-permita","status":"publish","type":"post","link":"https:\/\/plazajuarez.mx\/historico\/reabrira-balnearios-y-parques-acuaticos-cuando-el-semaforo-lo-permita\/","title":{"rendered":"Reabrir\u00e1 balnearios y parques acu\u00e1ticos cuando el sem\u00e1foro lo permita"},"content":{"rendered":"\n<ul class=\"wp-block-list\"><li><strong>Ya perdieron la temporada alta de visitantes: la Semana Santa<\/strong><\/li><\/ul>\n\n\n\n<ul class=\"wp-block-list\"><li><strong>De acuerdo a estas empresas, son miles los empleos directos e indirectos que se perdieron.<\/strong><\/li><\/ul>\n\n\n\n<!--more-->\n\n\n\n<p><strong>Valle del Mezquital<\/strong>.- Balnearios y parques acu\u00e1ticos, esperar\u00e1n hasta que el sem\u00e1foro epid\u00e9mico les permita reiniciar sus actividades, informaron los desarrollos tur\u00edsticos v\u00eda comunicados.\u00a0<\/p>\n\n\n\n<p>Los diferentes balnearios y parques acu\u00e1ticos, se hab\u00edan alistado para retomar sus actividades al 30 por ciento como lo recomend\u00f3 el gobierno federal, sin embargo, tras el retorno al color rojo de este sem\u00e1foro epid\u00e9mico, se anunci\u00f3 la cancelaci\u00f3n de actividades.&nbsp;<\/p>\n\n\n\n<p>Uno de los desarrollos tur\u00edsticos, Las Grutas de Tolantongo, anunci\u00f3, que una vez que las autoridades de salud lo indiquen, retomar\u00e1n sus actividades, detenidas desde abril.&nbsp;<\/p>\n\n\n\n<p>La Asociaci\u00f3n de Balnearios del Estado de Hidalgo, tambi\u00e9n en un comunicado inform\u00f3 que debido a que estamos en la etapa m\u00e1s cr\u00edtica de la pandemia, se tom\u00f3 la decisi\u00f3n de cancelar la reapertura de estos desarrollos tur\u00edsticos.&nbsp;<\/p>\n\n\n\n<p>Los balnearios y parques acu\u00e1ticos, perdieron la temporada alta de visitantes. La Semana Santa, la cual es cuando m\u00e1s turismo arriba a estos lugares. De acuerdo a estas empresas, son miles los empleos directos e indirectos que se perdieron, de los cuales dependen familias de esta regi\u00f3n.<\/p>\n","protected":false},"excerpt":{"rendered":"<p>Ya perdieron la temporada alta de visitantes: la Semana Santa De acuerdo a estas empresas, son miles los empleos directos e indirectos que se perdieron.<\/p>\n","protected":false},"author":75,"featured_media":0,"comment_status":"closed","ping_status":"open","sticky":false,"template":"","format":"standard","meta":{"footnotes":""},"categories":[40],"tags":[],"class_list":["post-121652","post","type-post","status-publish","format-standard","hentry","category-region"],"_links":{"self":[{"href":"https:\/\/plazajuarez.mx\/historico\/wp-json\/wp\/v2\/posts\/121652","targetHints":{"allow":["GET"]}}],"collection":[{"href":"https:\/\/plazajuarez.mx\/historico\/wp-json\/wp\/v2\/posts"}],"about":[{"href":"https:\/\/plazajuarez.mx\/historico\/wp-json\/wp\/v2\/types\/post"}],"author":[{"embeddable":true,"href":"https:\/\/plazajuarez.mx\/historico\/wp-json\/wp\/v2\/users\/75"}],"replies":[{"embeddable":true,"href":"https:\/\/plazajuarez.mx\/historico\/wp-json\/wp\/v2\/comments?post=121652"}],"version-history":[{"count":0,"href":"https:\/\/plazajuarez.mx\/historico\/wp-json\/wp\/v2\/posts\/121652\/revisions"}],"wp:attachment":[{"href":"https:\/\/plazajuarez.mx\/historico\/wp-json\/wp\/v2\/media?parent=121652"}],"wp:term":[{"taxonomy":"category","embeddable":true,"href":"https:\/\/plazajuarez.mx\/historico\/wp-json\/wp\/v2\/categories?post=121652"},{"taxonomy":"post_tag","embeddable":true,"href":"https:\/\/plazajuarez.mx\/historico\/wp-json\/wp\/v2\/tags?post=121652"}],"curies":[{"name":"wp","href":"https:\/\/api.w.org\/{rel}","templated":true}]}}