{"id":121643,"date":"2020-07-01T07:17:02","date_gmt":"2020-07-01T12:17:02","guid":{"rendered":"https:\/\/plazajuarez.mx\/?p=121643"},"modified":"2020-07-01T07:17:26","modified_gmt":"2020-07-01T12:17:26","slug":"transportistas-inconformes-montan-campamento-en-cemex","status":"publish","type":"post","link":"https:\/\/plazajuarez.mx\/historico\/transportistas-inconformes-montan-campamento-en-cemex\/","title":{"rendered":"Transportistas, inconformes, montan campamento en Cemex"},"content":{"rendered":"\n<ul class=\"wp-block-list\"><li><strong>Exigen trabajo. Al no ser atendidos, por ning\u00fan directivo de la empresa, colocaron una carpa<\/strong><\/li><\/ul>\n\n\n\n<ul class=\"wp-block-list\"><li><strong>No les parece justo que el trabajo de acarreo de la materia prima se lo hayan asignado a transportistas for\u00e1neos<\/strong><\/li><\/ul>\n\n\n\n<!--more-->\n\n\n\n<p><strong>Atotonilco de Tula<\/strong>.- Transportistas se manifestaron en el acceso principal a la planta cementera de Cemex. Exigen trabajo. Al no ser atendidos, por ning\u00fan directivo de la empresa, colocaron una carpa y se quedaron a acampar.<\/p>\n\n\n\n<p>Los manifestantes aseguran que la industria cementera ha dejado sin empleo al transporte local, afectando con ello la econom\u00eda de m\u00e1s de 150 familias que dependen directamente de ese sector.<\/p>\n\n\n\n<p>Dijeron que no les parece justo que el trabajo de acarreo de la materia prima para la elaboraci\u00f3n del cemento, se lo hayan asignado a transportistas for\u00e1neos, cuando el compromiso es con la gente de Atotonilco de Tula, al ser los directamente afectados por la contaminaci\u00f3n que generan.<\/p>\n\n\n\n<p>Recalcaron que los transportistas for\u00e1neos son contratados al malbaratar los costos de acarreo de los materiales, adem\u00e1s de que no tienen ninguna antig\u00fcedad en la prestaci\u00f3n de servicios con Cemex.<\/p>\n\n\n\n<p>Piden&nbsp; a los directivos de Cemex que empleen a los transportistas locales en el acarreo de materiales para la elaboraci\u00f3n del cemento.<\/p>\n\n\n\n<p>Como no fueron atendidos en el acceso principal, donde permiten la entrada y salida de camiones y veh\u00edculos particulares, los manifestantes colocaron una carpa y se quedaron a acampar, seg\u00fan informaron, hasta que logren una respuesta afirmativa a su demanda de empleo.&nbsp;<\/p>\n","protected":false},"excerpt":{"rendered":"<p>Exigen trabajo. Al no ser atendidos, por ning\u00fan directivo de la empresa, colocaron una carpa No les parece justo que el trabajo de acarreo de la materia prima se lo hayan asignado a transportistas for\u00e1neos<\/p>\n","protected":false},"author":71,"featured_media":0,"comment_status":"closed","ping_status":"open","sticky":false,"template":"","format":"standard","meta":{"footnotes":""},"categories":[40],"tags":[],"class_list":["post-121643","post","type-post","status-publish","format-standard","hentry","category-region"],"_links":{"self":[{"href":"https:\/\/plazajuarez.mx\/historico\/wp-json\/wp\/v2\/posts\/121643","targetHints":{"allow":["GET"]}}],"collection":[{"href":"https:\/\/plazajuarez.mx\/historico\/wp-json\/wp\/v2\/posts"}],"about":[{"href":"https:\/\/plazajuarez.mx\/historico\/wp-json\/wp\/v2\/types\/post"}],"author":[{"embeddable":true,"href":"https:\/\/plazajuarez.mx\/historico\/wp-json\/wp\/v2\/users\/71"}],"replies":[{"embeddable":true,"href":"https:\/\/plazajuarez.mx\/historico\/wp-json\/wp\/v2\/comments?post=121643"}],"version-history":[{"count":0,"href":"https:\/\/plazajuarez.mx\/historico\/wp-json\/wp\/v2\/posts\/121643\/revisions"}],"wp:attachment":[{"href":"https:\/\/plazajuarez.mx\/historico\/wp-json\/wp\/v2\/media?parent=121643"}],"wp:term":[{"taxonomy":"category","embeddable":true,"href":"https:\/\/plazajuarez.mx\/historico\/wp-json\/wp\/v2\/categories?post=121643"},{"taxonomy":"post_tag","embeddable":true,"href":"https:\/\/plazajuarez.mx\/historico\/wp-json\/wp\/v2\/tags?post=121643"}],"curies":[{"name":"wp","href":"https:\/\/api.w.org\/{rel}","templated":true}]}}