{"id":121636,"date":"2020-07-01T07:13:31","date_gmt":"2020-07-01T12:13:31","guid":{"rendered":"https:\/\/plazajuarez.mx\/?p=121636"},"modified":"2020-07-01T09:58:17","modified_gmt":"2020-07-01T14:58:17","slug":"prueba-de-covid-19-gratuita-en-tepeji","status":"publish","type":"post","link":"https:\/\/plazajuarez.mx\/historico\/prueba-de-covid-19-gratuita-en-tepeji\/","title":{"rendered":"Prueba de Covid-19, gratuita en Tepeji"},"content":{"rendered":"\n<ul class=\"wp-block-list\"><li><strong>En el m\u00f3dulo instalado a un costado del Jard\u00edn Municipal&nbsp;<\/strong><\/li><\/ul>\n\n\n\n<!--more-->\n\n\n\n<p><strong>Tepeji del R\u00edo.-<\/strong> El pasado lunes inici\u00f3 la operaci\u00f3n del m\u00f3dulo de pruebas r\u00e1pidas gratuitas para Covi-19, instalado a un costado del Jard\u00edn Municipal, en el centro de la ciudad, como parte del programa Operativo Escudo del Gobierno de Hidalgo.<\/p>\n\n\n\n<p>El alcalde, Mois\u00e9s Ram\u00edrez, junto a Grisel Garrido, jefa de la Jurisdicci\u00f3n Sanitaria 14 con cabecera en Tepeji del R\u00edo; del coordinador municipal de Salud, Miguel \u00c1ngel Arellano; Viridiana Reyes, epidemi\u00f3loga Jurisdiccional; integrantes del sector supervisan del m\u00f3dulo. Explicaron el funcionamiento de las pruebas r\u00e1pidas con las que, en un m\u00e1ximo de 30 minutos, se obtiene el resultado.<\/p>\n\n\n\n<p>Se aplicar\u00e1n pruebas gratuitas de tipo serol\u00f3gico que no requieren procesamiento en laboratorio, teniendo los resultados en aproximadamente 30 minutos. Se dijo que ser\u00e1n 30 m\u00f3dulos en todo el estado y se realizar\u00e1 s\u00f3lo a personas que tengan m\u00e1s de dos s\u00edntomas de Covid-19: fiebre, tos, cansancio y sobre todo, dificultad para respirar.&nbsp;<\/p>\n\n\n\n<p>El servicio ser\u00e1 en un horario de 9:00 a 15:00 horas de lunes a viernes, y en caso de detectar un resultado positivo, se le indicar\u00e1 a la persona las medidas de aislamiento que debe tener.<\/p>\n","protected":false},"excerpt":{"rendered":"<p>En el m\u00f3dulo instalado a un costado del Jard\u00edn Municipal&nbsp;<\/p>\n","protected":false},"author":71,"featured_media":0,"comment_status":"closed","ping_status":"open","sticky":false,"template":"","format":"standard","meta":{"footnotes":""},"categories":[40],"tags":[],"class_list":["post-121636","post","type-post","status-publish","format-standard","hentry","category-region"],"_links":{"self":[{"href":"https:\/\/plazajuarez.mx\/historico\/wp-json\/wp\/v2\/posts\/121636","targetHints":{"allow":["GET"]}}],"collection":[{"href":"https:\/\/plazajuarez.mx\/historico\/wp-json\/wp\/v2\/posts"}],"about":[{"href":"https:\/\/plazajuarez.mx\/historico\/wp-json\/wp\/v2\/types\/post"}],"author":[{"embeddable":true,"href":"https:\/\/plazajuarez.mx\/historico\/wp-json\/wp\/v2\/users\/71"}],"replies":[{"embeddable":true,"href":"https:\/\/plazajuarez.mx\/historico\/wp-json\/wp\/v2\/comments?post=121636"}],"version-history":[{"count":0,"href":"https:\/\/plazajuarez.mx\/historico\/wp-json\/wp\/v2\/posts\/121636\/revisions"}],"wp:attachment":[{"href":"https:\/\/plazajuarez.mx\/historico\/wp-json\/wp\/v2\/media?parent=121636"}],"wp:term":[{"taxonomy":"category","embeddable":true,"href":"https:\/\/plazajuarez.mx\/historico\/wp-json\/wp\/v2\/categories?post=121636"},{"taxonomy":"post_tag","embeddable":true,"href":"https:\/\/plazajuarez.mx\/historico\/wp-json\/wp\/v2\/tags?post=121636"}],"curies":[{"name":"wp","href":"https:\/\/api.w.org\/{rel}","templated":true}]}}