{"id":121602,"date":"2020-07-01T06:56:27","date_gmt":"2020-07-01T11:56:27","guid":{"rendered":"https:\/\/plazajuarez.mx\/?p=121602"},"modified":"2020-07-01T06:56:27","modified_gmt":"2020-07-01T11:56:27","slug":"replica-del-ciudadano-jose-gerardo-olmedo-arista","status":"publish","type":"post","link":"https:\/\/plazajuarez.mx\/historico\/replica-del-ciudadano-jose-gerardo-olmedo-arista\/","title":{"rendered":"R\u00c9PLICA DEL CIUDADANO JOS\u00c9 GERARDO OLMEDO ARISTA"},"content":{"rendered":"\n<p>1.- El suscrito soy oriundo del Municipio de Cuautepec de Hinojosa, Hidalgo, Y ciudadano Mexicano, tal y como se acredita con la copia de credencial para votar que se anexa.<\/p>\n\n\n\n<p>2.- Es el caso que el d\u00eda 19 de junio de 2020, me entere en la p\u00e1gina web <a href=\"https:\/\/plazajuarez.mx\/historico\/historico\/index.php\/2020\/06\/19\/alcaldes-delincuencia-destacada\/\">https:\/\/plazajuarez.mx\/historico\/historico\/index.php\/2020\/06\/19\/alcaldes-delincuencia-destacada\/<\/a> en el cual aparece la siguiente imagen y cita:<\/p>\n\n\n\n<p>\u201cSin embargo, en la lista que dio a conocer el gobernador, se\u00f1ala a los presidentes municipales de estas regiones: Erick Marte Rivera Villanueva de Zimap\u00e1n y a Pascual Charrez Pedraza de Ixmiquilpan como miembros del grupo delictivo \u201cLos Hades\u201d, junto con otros personajes vinculados a delitos como: secuestro, tr\u00e1fico de drogas, robo de combustible (huachicol),&nbsp; y asaltos.&nbsp; Cabe destacar que el primero aparece marcado con l\u00ednea color rojo por \u201ctr\u00e1fico de drogas\u201d y el segundo con l\u00ednea azul por \u201chuachicol y otros\u201d.\u201d.<\/p>\n\n\n\n<p>3.- Quiero hacer menci\u00f3n que en mi derecho de r\u00e9plica hago de su conocimiento que el suscrito jam\u00e1s fui imputado por alguna de estas conductas delictivas y mucho menos relacionado con alguna carpeta de investigaci\u00f3n por alguna agencia del ministerio p\u00fablico, adem\u00e1s le solicito de manera respetuosa que si no cuentan con alguna prueba en contra del suscrito de que est\u00e9 relacionado con alguna conducta delictiva anterior de esa manera lo hagan p\u00fablico ya que me presentan como responsable al publicar esta informaci\u00f3n violentando mis derechos humanos a la presunci\u00f3n de la inocencia e incluso a la protecci\u00f3n de mis datos personales ya que muestran una fotograf\u00eda que jam\u00e1s autorice a que saliera publicada ni mucho menos mi nombre.<\/p>\n\n\n\n<p>4.- Sin embargo, el suscrito jam\u00e1s he cometido alguna conducta delictiva, el suscrito soy inocente, esto en virtud de que goz\u00f3 la presunci\u00f3n de inocencia al no acreditarme con ning\u00fan medio de prueba alguno del hecho il\u00edcito por el cual se me imput\u00f3.<\/p>\n\n\n\n<p>Recordemos que la jurisprudencia dice que la presunci\u00f3n de inocencia es un derecho que puede calificarse de &#8220;poli\u00e9drico&#8221;, en el sentido de que tiene m\u00faltiples manifestaciones o vertientes relacionadas con garant\u00edas encaminadas a regular distintos aspectos del proceso penal. Una de esas vertientes se manifiesta como &#8220;est\u00e1ndar de prueba&#8221; o &#8220;regla de juicio&#8221;, en la medida en que este derecho establece una norma que ordena a los Jueces la absoluci\u00f3n de los inculpados cuando durante el proceso no se hayan aportado pruebas de cargo suficientes para acreditar la existencia del delito y la responsabilidad de la persona; mandato que es aplicable al momento de la valoraci\u00f3n de la prueba. Dicho de forma m\u00e1s precisa, la presunci\u00f3n de inocencia como est\u00e1ndar de prueba o regla de juicio comporta dos normas: la que establece las condiciones que tiene que satisfacer la prueba de cargo para considerar que es suficiente para condenar; y una regla de carga de la prueba, entendida como la norma que establece a cu\u00e1l de las partes perjudica el hecho de que no se satisfaga el est\u00e1ndar de prueba, conforme a la cual se ordena absolver al imputado cuando no se satisfaga dicho est\u00e1ndar para condenar, por lo que en ese orden de ideas, se requiere se aclare que el suscrito no estoy relacionado con ninguna carpeta de investigaci\u00f3n as\u00ed como no existe ninguna prueba en mi contra y que se me pida una disculpa p\u00fablica por el da\u00f1o que causan con su publicaci\u00f3n ante la sociedad que me hacen ver culpable prejuzgando sin la existencia de ninguna prueba.<\/p>\n\n\n\n<p><strong>RESPUESTA DE OSCAR P\u00c9REZ CABRERA, REPORTERO DE DIARIO PLAZA JU\u00c1REZ<\/strong><\/p>\n\n\n\n<p>El pasado jueves 18 de junio, en la conferencia de prensa conocida&nbsp; como \u201cla ma\u00f1anera\u201d que encabeza el Presidente de la Rep\u00fablica, Andr\u00e9s Manuel L\u00f3pez Obrador, el gobernador del estado, Omar Fayad Meneses, present\u00f3 la gr\u00e1fica titulada <strong>\u201cDELINCUENCIA DESTACADA EN HIDALGO\u201d<\/strong>, en la que aparecen diversas personas entre las que est\u00e1, el nombre del ciudadano, Jos\u00e9 Gerardo Olmedo Arista, sin embargo la gr\u00e1fica no fue hecha por <em>Diario Plaza Ju\u00e1rez<\/em> y la informaci\u00f3n fue retomada como oficial, misma que otorg\u00f3 en ese momento el gobernador del estado de Hidalgo.&nbsp;<\/p>\n\n\n\n<p>En la nota de la que se pide derecho de r\u00e9plica, nunca se hace menci\u00f3n del nombre de qui\u00e9n solicita r\u00e9plica pese a que aparece en el gr\u00e1fico antes mencionado. En <em>Diario Plaza Ju\u00e1rez<\/em> reiteramos nuestro compromiso de informar a la ciudadan\u00eda y tambi\u00e9n tenemos la puerta abierta para el derecho de r\u00e9plica en caso de que as\u00ed sea considerado, sin embargo reitero que la informaci\u00f3n fue otorgada por el gobierno estatal durante la conferencia de prensa en la que estuvo presente el Presidente de la Rep\u00fablica y de ninguna forma, se trata de una acusaci\u00f3n hecha por este medio.&nbsp;<\/p>\n","protected":false},"excerpt":{"rendered":"<p>1.- El suscrito soy oriundo del Municipio de Cuautepec de Hinojosa, Hidalgo, Y ciudadano Mexicano, tal y como se acredita con la copia de credencial para votar que se anexa. 2.- Es el caso que el d\u00eda 19 de junio de 2020, me entere en la p\u00e1gina web https:\/\/plazajuarez.mx\/historico\/historico\/index.php\/2020\/06\/19\/alcaldes-delincuencia-destacada\/ en el cual aparece la siguiente [&hellip;]<\/p>\n","protected":false},"author":93,"featured_media":0,"comment_status":"closed","ping_status":"open","sticky":false,"template":"","format":"standard","meta":{"footnotes":""},"categories":[59],"tags":[],"class_list":["post-121602","post","type-post","status-publish","format-standard","hentry","category-general"],"_links":{"self":[{"href":"https:\/\/plazajuarez.mx\/historico\/wp-json\/wp\/v2\/posts\/121602","targetHints":{"allow":["GET"]}}],"collection":[{"href":"https:\/\/plazajuarez.mx\/historico\/wp-json\/wp\/v2\/posts"}],"about":[{"href":"https:\/\/plazajuarez.mx\/historico\/wp-json\/wp\/v2\/types\/post"}],"author":[{"embeddable":true,"href":"https:\/\/plazajuarez.mx\/historico\/wp-json\/wp\/v2\/users\/93"}],"replies":[{"embeddable":true,"href":"https:\/\/plazajuarez.mx\/historico\/wp-json\/wp\/v2\/comments?post=121602"}],"version-history":[{"count":0,"href":"https:\/\/plazajuarez.mx\/historico\/wp-json\/wp\/v2\/posts\/121602\/revisions"}],"wp:attachment":[{"href":"https:\/\/plazajuarez.mx\/historico\/wp-json\/wp\/v2\/media?parent=121602"}],"wp:term":[{"taxonomy":"category","embeddable":true,"href":"https:\/\/plazajuarez.mx\/historico\/wp-json\/wp\/v2\/categories?post=121602"},{"taxonomy":"post_tag","embeddable":true,"href":"https:\/\/plazajuarez.mx\/historico\/wp-json\/wp\/v2\/tags?post=121602"}],"curies":[{"name":"wp","href":"https:\/\/api.w.org\/{rel}","templated":true}]}}