{"id":121598,"date":"2020-07-01T06:50:33","date_gmt":"2020-07-01T11:50:33","guid":{"rendered":"https:\/\/plazajuarez.mx\/?p=121598"},"modified":"2020-07-01T06:50:33","modified_gmt":"2020-07-01T11:50:33","slug":"piden-empresarios-respeto-a-la-autonomia-del-ine","status":"publish","type":"post","link":"https:\/\/plazajuarez.mx\/historico\/piden-empresarios-respeto-a-la-autonomia-del-ine\/","title":{"rendered":"Piden empresarios respeto a la autonom\u00eda del INE"},"content":{"rendered":"\n<ul class=\"wp-block-list\"><li><strong>Acusa Ricardo Rivera, de la Coparmex, que tanto el presidente Andr\u00e9s Manuel L\u00f3pez Obrador, como los legisladores de Morena, han actuado indebidamente<\/strong><\/li><\/ul>\n\n\n\n<!--more-->\n\n\n\n<p>El presidente de la Confederaci\u00f3n Patronal de la Rep\u00fablica Mexicana (Coparmex) en Hidalgo, Ricardo Rivera Barqu\u00edn, lanz\u00f3 un exhorto al Gobierno Federal y a los legisladores del Movimiento Regeneraci\u00f3n Nacional (Morena) para que no act\u00faen en perjuicio de la autonom\u00eda del Instituto Nacional Electoral (INE), esto por las diferentes acciones anunciadas por ambos entes gubernamentales.&nbsp;<\/p>\n\n\n\n<p>Sobre el tema, el l\u00edder patronal expres\u00f3 que la lucha por la democracia llev\u00f3 mucho tiempo en consolidarse en el pa\u00eds, en el que se conjuntaron los esfuerzos de la ciudadan\u00eda y las diversas fuerzas de la sociedad civil para dar forma a las instituciones electorales como el INE, y que ahora asegur\u00f3 que este organismo se encuentra en grave riesgo.&nbsp;<\/p>\n\n\n\n<p>En ese sentido, coment\u00f3 que la Coparmex se ha convertido en una especie de testigo sin indiferencia a las diversas acciones anunciadas por el presidente Andr\u00e9s Manuel L\u00f3pez Obrador y por los legisladores morenistas en donde tiene que ver al INE, y en donde refiri\u00f3 que se debe estar al pendiente y que se debe evitar que la llamada austeridad republicana afecte su funcionamiento y las pr\u00f3ximas elecciones del 2021.&nbsp;<\/p>\n\n\n\n<p>Se\u00f1al\u00f3 el presidente Rivera Barqu\u00edn una serie de acciones que se han empleado desde el Ejecutivo y el Legislativo Federal, los cuales consider\u00f3 violatorios del art\u00edculo 134 de la Constituci\u00f3n, el que proh\u00edbe a cualquier autoridad a inmiscuirse en asuntos electorales, y entre las cuales se encuentra el hecho de que el gobierno solicit\u00f3 datos personales al INE.&nbsp;<\/p>\n\n\n\n<p>As\u00ed mismo, resalt\u00f3 el hecho de que en la integraci\u00f3n del Consejo General del INE, la bancada de Morena haya elegido a John Ackerman, considerado l\u00edder de los institutos pol\u00edticos morenistas; la propuesta de la eliminaci\u00f3n de los organismos p\u00fablicos electorales locales (OPLES) por motivos de austeridad, as\u00ed como la reducci\u00f3n de nueve a tres a\u00f1os del cargo de Consejero Presidente.&nbsp;<\/p>\n\n\n\n<p>A\u00f1adi\u00f3 tambi\u00e9n que los recortes presupuestales ponen en riesgo el periodo de elecciones 2020-2021, principalmente los comicios de Coahuila e Hidalgo, suspendidos por la pandemia del Covid-19.<\/p>\n","protected":false},"excerpt":{"rendered":"<p>Acusa Ricardo Rivera, de la Coparmex, que tanto el presidente Andr\u00e9s Manuel L\u00f3pez Obrador, como los legisladores de Morena, han actuado indebidamente<\/p>\n","protected":false},"author":93,"featured_media":0,"comment_status":"closed","ping_status":"open","sticky":false,"template":"","format":"standard","meta":{"footnotes":""},"categories":[59],"tags":[],"class_list":["post-121598","post","type-post","status-publish","format-standard","hentry","category-general"],"_links":{"self":[{"href":"https:\/\/plazajuarez.mx\/historico\/wp-json\/wp\/v2\/posts\/121598","targetHints":{"allow":["GET"]}}],"collection":[{"href":"https:\/\/plazajuarez.mx\/historico\/wp-json\/wp\/v2\/posts"}],"about":[{"href":"https:\/\/plazajuarez.mx\/historico\/wp-json\/wp\/v2\/types\/post"}],"author":[{"embeddable":true,"href":"https:\/\/plazajuarez.mx\/historico\/wp-json\/wp\/v2\/users\/93"}],"replies":[{"embeddable":true,"href":"https:\/\/plazajuarez.mx\/historico\/wp-json\/wp\/v2\/comments?post=121598"}],"version-history":[{"count":0,"href":"https:\/\/plazajuarez.mx\/historico\/wp-json\/wp\/v2\/posts\/121598\/revisions"}],"wp:attachment":[{"href":"https:\/\/plazajuarez.mx\/historico\/wp-json\/wp\/v2\/media?parent=121598"}],"wp:term":[{"taxonomy":"category","embeddable":true,"href":"https:\/\/plazajuarez.mx\/historico\/wp-json\/wp\/v2\/categories?post=121598"},{"taxonomy":"post_tag","embeddable":true,"href":"https:\/\/plazajuarez.mx\/historico\/wp-json\/wp\/v2\/tags?post=121598"}],"curies":[{"name":"wp","href":"https:\/\/api.w.org\/{rel}","templated":true}]}}