{"id":121597,"date":"2020-07-01T06:51:48","date_gmt":"2020-07-01T11:51:48","guid":{"rendered":"https:\/\/plazajuarez.mx\/?p=121597"},"modified":"2020-07-01T06:51:48","modified_gmt":"2020-07-01T11:51:48","slug":"inminente-instalacion-de-los-concejos-municipales","status":"publish","type":"post","link":"https:\/\/plazajuarez.mx\/historico\/inminente-instalacion-de-los-concejos-municipales\/","title":{"rendered":"Inminente, instalaci\u00f3n de los Concejos Municipales"},"content":{"rendered":"\n<ul class=\"wp-block-list\"><li><strong>Afirma el diputado V\u00edctor Osmind Guerrero que se tratar\u00e1 de buscar el consenso entre la Legislatura local para determinar qui\u00e9nes ocupar\u00e1n este \u00f3rgano de gobierno\u00a0<\/strong><\/li><\/ul>\n\n\n\n<!--more-->\n\n\n\n<p>En entrevista para el noticiario Al Aire en el sistema de Radio y Televisi\u00f3n de Hidalgo, el diputado local V\u00edctor Ormind Guerrero Trejo asegur\u00f3 que la instalaci\u00f3n de los Concejos Municipales en cada una de las demarcaciones ser\u00eda inminente, dada la suspensi\u00f3n de las elecciones de las presidencias municipales de Hidalgo, consecuencia de la propagaci\u00f3n del Covid-19.&nbsp;<\/p>\n\n\n\n<p>\u201cEl lunes pasado lo coment\u00f3 el consejero presidente (del INE, Lorenzo C\u00f3rdova Vianello) en un foro virtual, en que la instalaci\u00f3n de los Concejos Municipales es inminente, as\u00ed tambi\u00e9n como lo declar\u00f3 el compa\u00f1ero presidente de la Comisi\u00f3n de Gobernaci\u00f3n, Jos\u00e9 Luis Espinosa Silva, y seguramente si es inminente que se aplique esto a los 84 municipios\u201d, coment\u00f3.&nbsp;<\/p>\n\n\n\n<p>Refiri\u00f3 este tipo de ejercicios como hist\u00f3rico, en donde seg\u00fan el legislador, ning\u00fan otro estado ha invocado este principio de los Concejos Municipales, y que dentro de esta proceso, se buscar\u00e1n dentro del Congreso local los mecanismos necesarios para que los 30 diputados locales lleguen a un consenso sobre la cartera de personas que encabezar\u00e1n estos concejos.&nbsp;<\/p>\n\n\n\n<p>Declar\u00f3 que, con ello se buscar\u00e1 generar una mejor imagen de gobernabilidad, no solo para los municipios o en estado, sino tambi\u00e9n para el Gobierno Federal, \u201cno podemos exponer el tema a la ligera, estaremos trabajando en la ruta para poder llegar a un buen acuerdo pol\u00edtico con todos los diputados\u201d, dijo.<\/p>\n","protected":false},"excerpt":{"rendered":"<p>Afirma el diputado V\u00edctor Osmind Guerrero que se tratar\u00e1 de buscar el consenso entre la Legislatura local para determinar qui\u00e9nes ocupar\u00e1n este \u00f3rgano de gobierno\u00a0<\/p>\n","protected":false},"author":93,"featured_media":0,"comment_status":"closed","ping_status":"open","sticky":false,"template":"","format":"standard","meta":{"footnotes":""},"categories":[59],"tags":[],"class_list":["post-121597","post","type-post","status-publish","format-standard","hentry","category-general"],"_links":{"self":[{"href":"https:\/\/plazajuarez.mx\/historico\/wp-json\/wp\/v2\/posts\/121597","targetHints":{"allow":["GET"]}}],"collection":[{"href":"https:\/\/plazajuarez.mx\/historico\/wp-json\/wp\/v2\/posts"}],"about":[{"href":"https:\/\/plazajuarez.mx\/historico\/wp-json\/wp\/v2\/types\/post"}],"author":[{"embeddable":true,"href":"https:\/\/plazajuarez.mx\/historico\/wp-json\/wp\/v2\/users\/93"}],"replies":[{"embeddable":true,"href":"https:\/\/plazajuarez.mx\/historico\/wp-json\/wp\/v2\/comments?post=121597"}],"version-history":[{"count":0,"href":"https:\/\/plazajuarez.mx\/historico\/wp-json\/wp\/v2\/posts\/121597\/revisions"}],"wp:attachment":[{"href":"https:\/\/plazajuarez.mx\/historico\/wp-json\/wp\/v2\/media?parent=121597"}],"wp:term":[{"taxonomy":"category","embeddable":true,"href":"https:\/\/plazajuarez.mx\/historico\/wp-json\/wp\/v2\/categories?post=121597"},{"taxonomy":"post_tag","embeddable":true,"href":"https:\/\/plazajuarez.mx\/historico\/wp-json\/wp\/v2\/tags?post=121597"}],"curies":[{"name":"wp","href":"https:\/\/api.w.org\/{rel}","templated":true}]}}