{"id":121595,"date":"2020-07-01T06:47:22","date_gmt":"2020-07-01T11:47:22","guid":{"rendered":"https:\/\/plazajuarez.mx\/?p=121595"},"modified":"2020-07-01T06:47:22","modified_gmt":"2020-07-01T11:47:22","slug":"aprueban-dictamen-para-consulta-indigena","status":"publish","type":"post","link":"https:\/\/plazajuarez.mx\/historico\/aprueban-dictamen-para-consulta-indigena\/","title":{"rendered":"Aprueban dictamen para Consulta Ind\u00edgena"},"content":{"rendered":"\n<ul class=\"wp-block-list\"><li><strong>Tras fracaso de la propuesta que en su momento hizo y le criticaron a Ricardo Baptista, la consulta se realizar\u00e1 de nuevo<\/strong><\/li><\/ul>\n\n\n\n<!--more-->\n\n\n\n<p>Luego de que la Suprema Corte de Justicia de la Naci\u00f3n declarara la inconstitucionalidad de la Consulta Ind\u00edgena realizada en 2019 durante la administraci\u00f3n de Ricardo Baptista Gonz\u00e1lez en el Congreso local, los diputados locales votaron en el pleno el acuerdo que contiene las bases para llevar a cabo la Consulta 2020 a Pueblos y Comunidades Ind\u00edgenas del Estado de Hidalgo.<\/p>\n\n\n\n<p>Cabe destacar que en su momento, diputados de la 64 Legislatura as\u00ed como activistas y miembros de organizaciones ind\u00edgenas le hicieron saber al entonces presidente de la Junta de Gobierno, que la consulta que hab\u00eda implementado estaba mal estructurada y carec\u00eda de metodolog\u00eda, sin embargo hizo caso omiso y ahora se tendr\u00e1 que realizar nuevamente con la utilizaci\u00f3n de m\u00e1s recursos econ\u00f3micos.&nbsp;<\/p>\n\n\n\n<p><br>Dicha consulta ten\u00eda como prop\u00f3sito contribuir a la reforma de algunos art\u00edculos del C\u00f3digo Electoral contenidas en el decreto 203, sin embargo una vez que se declar\u00f3 la inconstitucionalidad dicho decreto qued\u00f3 sin validez. As\u00ed mismo invalid\u00f3 el decreto 204, toda vez que consider\u00f3 que no se realiz\u00f3 consulta alguna a los pueblos y comunidades ind\u00edgenas previo a la emisi\u00f3n de este.<\/p>\n\n\n\n<p>Por lo anterior los diputados especificaron&nbsp; que la realizaci\u00f3n de la Consulta Ind\u00edgena 2020, estar\u00e1 sujeta a las medidas y disposiciones que determinen las autoridades sanitarias.<\/p>\n","protected":false},"excerpt":{"rendered":"<p>Tras fracaso de la propuesta que en su momento hizo y le criticaron a Ricardo Baptista, la consulta se realizar\u00e1 de nuevo<\/p>\n","protected":false},"author":72,"featured_media":0,"comment_status":"closed","ping_status":"open","sticky":false,"template":"","format":"standard","meta":{"footnotes":""},"categories":[59],"tags":[],"class_list":["post-121595","post","type-post","status-publish","format-standard","hentry","category-general"],"_links":{"self":[{"href":"https:\/\/plazajuarez.mx\/historico\/wp-json\/wp\/v2\/posts\/121595","targetHints":{"allow":["GET"]}}],"collection":[{"href":"https:\/\/plazajuarez.mx\/historico\/wp-json\/wp\/v2\/posts"}],"about":[{"href":"https:\/\/plazajuarez.mx\/historico\/wp-json\/wp\/v2\/types\/post"}],"author":[{"embeddable":true,"href":"https:\/\/plazajuarez.mx\/historico\/wp-json\/wp\/v2\/users\/72"}],"replies":[{"embeddable":true,"href":"https:\/\/plazajuarez.mx\/historico\/wp-json\/wp\/v2\/comments?post=121595"}],"version-history":[{"count":0,"href":"https:\/\/plazajuarez.mx\/historico\/wp-json\/wp\/v2\/posts\/121595\/revisions"}],"wp:attachment":[{"href":"https:\/\/plazajuarez.mx\/historico\/wp-json\/wp\/v2\/media?parent=121595"}],"wp:term":[{"taxonomy":"category","embeddable":true,"href":"https:\/\/plazajuarez.mx\/historico\/wp-json\/wp\/v2\/categories?post=121595"},{"taxonomy":"post_tag","embeddable":true,"href":"https:\/\/plazajuarez.mx\/historico\/wp-json\/wp\/v2\/tags?post=121595"}],"curies":[{"name":"wp","href":"https:\/\/api.w.org\/{rel}","templated":true}]}}