{"id":121591,"date":"2020-07-01T06:41:16","date_gmt":"2020-07-01T11:41:16","guid":{"rendered":"https:\/\/plazajuarez.mx\/?p=121591"},"modified":"2020-07-01T06:41:16","modified_gmt":"2020-07-01T11:41:16","slug":"omar-garcia-harfuch-y-su-discreta-estrategia","status":"publish","type":"post","link":"https:\/\/plazajuarez.mx\/historico\/omar-garcia-harfuch-y-su-discreta-estrategia\/","title":{"rendered":"Omar Garc\u00eda Harfuch y su discreta estrategia"},"content":{"rendered":"\n<ul class=\"wp-block-list\"><li><strong>El trabajo de Garc\u00eda Harfuch en la Ciudad de M\u00e9xico destaca en m\u00e1s de una dimensi\u00f3n\u2026\u00a0<\/strong><\/li><\/ul>\n\n\n\n<p><strong><em>Por: Layda Negrete &#8211; Investigadora en justicia penal<\/em><\/strong><\/p>\n\n\n\n<!--more-->\n\n\n\n<p>Un aguacero de balas cay\u00f3 el 26 de junio sobre Omar Garc\u00eda Harfuch. Dur\u00f3 m\u00e1s de tres minutos. Murieron dos miembros de su escolta y una mujer en un auto que pasaba por ah\u00ed. Los proyectiles llegaron a casas a cientos de metros del lugar de la emboscada. El Secretario de Seguridad Ciudadana de la Ciudad de M\u00e9xico sobrevivi\u00f3 al ataque. Al mensaje de exterminio que buscaba el atentado, el Secretario respondi\u00f3 desde el hospital, con todo y tres impactos de bala, que seguir\u00eda trabajando por la seguridad y haci\u00e9ndole frente a la delincuencia organizada.<\/p>\n\n\n\n<p>Los halagos a funcionarios p\u00fablicos suelen ser escasos, casi inexistentes. Con Garc\u00eda Harfuch, varios observadores han reconocido su trayectoria.&nbsp;<\/p>\n\n\n\n<p>El trabajo de Garc\u00eda Harfuch en la Ciudad de M\u00e9xico destaca en m\u00e1s de una dimensi\u00f3n. Por un lado, sus acciones han ayudado a replantear el papel de la polic\u00eda en el terreno de la investigaci\u00f3n criminal. Desde su paso por la Direcci\u00f3n General de la Polic\u00eda de Investigaci\u00f3n en la Procuradur\u00eda General de Justicia y ahora, desde la secretar\u00eda que encabeza, ha demostrado que es necesario replantearse los modelos tradicionales que dan al Ministerio P\u00fablico el monopolio de la investigaci\u00f3n bajo esquemas burocratizados. Por ejemplo, en el sonado caso del secuestro de un estudiante de licenciatura en el 2019, el entonces funcionario de la Procuradur\u00eda logr\u00f3 una investigaci\u00f3n basada en evidencia de c\u00e1maras de video, placas de autom\u00f3viles y s\u00e1banas de telefon\u00eda, para desarrollar la l\u00ednea de investigaci\u00f3n que result\u00f3 fruct\u00edfera. Esta acci\u00f3n se separ\u00f3 de las pesquisas iniciales que apuntaban, de forma especulativa, a un familiar de la v\u00edctima como probable responsable, bas\u00e1ndose tan solo en el testimonio de un informante cuestionable.<\/p>\n\n\n\n<p>M\u00e1s ampliamente, su trabajo desde la PGJCDMX y ahora en la SSC, muestra que la polic\u00eda tiene mucho m\u00e1s que hacer en el combate a la violencia que solo preservar la escena criminal. La innovaci\u00f3n basada en acciones de investigaci\u00f3n policial de Garc\u00eda Harfuch marca ruta y exige un debate que lleve a armonizar el marco normativo a las necesidades de reducci\u00f3n de impunidad en el pa\u00eds.<\/p>\n\n\n\n<p>El cambio de estafeta en el gobierno de la Ciudad fue dif\u00edcil. A r\u00edo revuelto, aprovechaban por igual los miembros del crimen organizado dentro y fuera de las instituciones de seguridad y justicia. Garc\u00eda Harfuch se incorpor\u00f3 al gobierno de la ciudad en la cresta de una crisis con sonados casos de secuestro, una alza en homicidios y amplios cuestionamientos de abuso policial estructural. \u00c9l ha ido enfrentado las embestidas de este toro heredado con gracia, oficio pol\u00edtico y eficiencia. Quiz\u00e1s la tarea en curso m\u00e1s importante que le queda en frente, es la de atacar el crimen de casa, el que permite que la polic\u00eda capitalina mantenga esquemas de corrupci\u00f3n a\u00f1ejos.<\/p>\n\n\n\n<p>Es importante reconocer los logros de Garc\u00eda Harfuch a partir de una perspectiva nacional. Para un hombre cuya profesi\u00f3n no fue su \u00faltima opci\u00f3n sino su primera pasi\u00f3n, su trabajo sirve para mostrar que los mandos civiles son viables a\u00fan dentro de entidades con erosionado Estado de Derecho. En otras palabras, los \u00e9xitos del mando civil en la capital refuerzan la idea de que es este el modelo que debemos apoyar antes de movernos hacia un esquema de seguridad con mando militar. La v\u00eda civil es deseable y viable. El reto no es menor, requiere de la maniobra no conocida de mantener el vuelo y reconstruir el avi\u00f3n en el trayecto.<\/p>\n","protected":false},"excerpt":{"rendered":"<p>El trabajo de Garc\u00eda Harfuch en la Ciudad de M\u00e9xico destaca en m\u00e1s de una dimensi\u00f3n\u2026\u00a0 Por: Layda Negrete &#8211; Investigadora en justicia penal<\/p>\n","protected":false},"author":81,"featured_media":0,"comment_status":"closed","ping_status":"open","sticky":false,"template":"","format":"standard","meta":{"footnotes":""},"categories":[42],"tags":[],"class_list":["post-121591","post","type-post","status-publish","format-standard","hentry","category-nuestrapalabra"],"_links":{"self":[{"href":"https:\/\/plazajuarez.mx\/historico\/wp-json\/wp\/v2\/posts\/121591","targetHints":{"allow":["GET"]}}],"collection":[{"href":"https:\/\/plazajuarez.mx\/historico\/wp-json\/wp\/v2\/posts"}],"about":[{"href":"https:\/\/plazajuarez.mx\/historico\/wp-json\/wp\/v2\/types\/post"}],"author":[{"embeddable":true,"href":"https:\/\/plazajuarez.mx\/historico\/wp-json\/wp\/v2\/users\/81"}],"replies":[{"embeddable":true,"href":"https:\/\/plazajuarez.mx\/historico\/wp-json\/wp\/v2\/comments?post=121591"}],"version-history":[{"count":0,"href":"https:\/\/plazajuarez.mx\/historico\/wp-json\/wp\/v2\/posts\/121591\/revisions"}],"wp:attachment":[{"href":"https:\/\/plazajuarez.mx\/historico\/wp-json\/wp\/v2\/media?parent=121591"}],"wp:term":[{"taxonomy":"category","embeddable":true,"href":"https:\/\/plazajuarez.mx\/historico\/wp-json\/wp\/v2\/categories?post=121591"},{"taxonomy":"post_tag","embeddable":true,"href":"https:\/\/plazajuarez.mx\/historico\/wp-json\/wp\/v2\/tags?post=121591"}],"curies":[{"name":"wp","href":"https:\/\/api.w.org\/{rel}","templated":true}]}}