{"id":121590,"date":"2020-07-01T06:46:11","date_gmt":"2020-07-01T11:46:11","guid":{"rendered":"https:\/\/plazajuarez.mx\/?p=121590"},"modified":"2020-07-01T06:46:11","modified_gmt":"2020-07-01T11:46:11","slug":"sin-tiempo-para-que-haya-presidentes-electos","status":"publish","type":"post","link":"https:\/\/plazajuarez.mx\/historico\/sin-tiempo-para-que-haya-presidentes-electos\/","title":{"rendered":"Sin tiempo para que haya presidentes electos"},"content":{"rendered":"\n<p>Ante el regreso a sem\u00e1foro rojo en Hidalgo, el hecho de que las autoridades sanitarias no han dado su aprobaci\u00f3n para que el proceso electoral contin\u00fae, sumado a los tiempos que se deben contemplar previos al d\u00eda de la jornada electoral, el presidente del Partido Acci\u00f3n Nacional (PAN), Cornelio Garc\u00eda Villanueva, inform\u00f3 que las dos primeras fechas tentativas para la realizaci\u00f3n de la elecci\u00f3n propuestas por el Instituto Nacional Electoral (INE), ya caducaron.<\/p>\n\n\n\n<p>Asegur\u00f3 que en el escenario restante se tendr\u00edan que llevar a cabo el pr\u00f3ximo 20 de septiembre y por ende no habr\u00eda presidentes electos para recibir el cargo el 5 de septiembre, es decir que el Congreso local tendr\u00e1 que intervenir para el nombramiento de Concejos Municipales Interinos: \u201cestaremos atentos a la situaci\u00f3n, la figura del Concejo permitir\u00e1 administrar un ayuntamiento en lo que llega la autoridad\u201d.<\/p>\n\n\n\n<p>En entrevista para el programa Al Aire, de Radio y Televisi\u00f3n de Hidalgo, el l\u00edder panista apunt\u00f3 que el partido har\u00e1 presencia en el Congreso a trav\u00e9s de los diputados de la bancada albiazul para que la designaci\u00f3n se realice mediante un proceso abierto y transparente.<\/p>\n","protected":false},"excerpt":{"rendered":"<p>Ante el regreso a sem\u00e1foro rojo en Hidalgo, el hecho de que las autoridades sanitarias no han dado su aprobaci\u00f3n para que el proceso electoral contin\u00fae, sumado a los tiempos que se deben contemplar previos al d\u00eda de la jornada electoral, el presidente del Partido Acci\u00f3n Nacional (PAN), Cornelio Garc\u00eda Villanueva, inform\u00f3 que las dos [&hellip;]<\/p>\n","protected":false},"author":93,"featured_media":0,"comment_status":"closed","ping_status":"open","sticky":false,"template":"","format":"standard","meta":{"footnotes":""},"categories":[59],"tags":[],"class_list":["post-121590","post","type-post","status-publish","format-standard","hentry","category-general"],"_links":{"self":[{"href":"https:\/\/plazajuarez.mx\/historico\/wp-json\/wp\/v2\/posts\/121590","targetHints":{"allow":["GET"]}}],"collection":[{"href":"https:\/\/plazajuarez.mx\/historico\/wp-json\/wp\/v2\/posts"}],"about":[{"href":"https:\/\/plazajuarez.mx\/historico\/wp-json\/wp\/v2\/types\/post"}],"author":[{"embeddable":true,"href":"https:\/\/plazajuarez.mx\/historico\/wp-json\/wp\/v2\/users\/93"}],"replies":[{"embeddable":true,"href":"https:\/\/plazajuarez.mx\/historico\/wp-json\/wp\/v2\/comments?post=121590"}],"version-history":[{"count":0,"href":"https:\/\/plazajuarez.mx\/historico\/wp-json\/wp\/v2\/posts\/121590\/revisions"}],"wp:attachment":[{"href":"https:\/\/plazajuarez.mx\/historico\/wp-json\/wp\/v2\/media?parent=121590"}],"wp:term":[{"taxonomy":"category","embeddable":true,"href":"https:\/\/plazajuarez.mx\/historico\/wp-json\/wp\/v2\/categories?post=121590"},{"taxonomy":"post_tag","embeddable":true,"href":"https:\/\/plazajuarez.mx\/historico\/wp-json\/wp\/v2\/tags?post=121590"}],"curies":[{"name":"wp","href":"https:\/\/api.w.org\/{rel}","templated":true}]}}