{"id":121588,"date":"2020-07-01T06:40:14","date_gmt":"2020-07-01T11:40:14","guid":{"rendered":"https:\/\/plazajuarez.mx\/?p=121588"},"modified":"2020-07-01T06:40:14","modified_gmt":"2020-07-01T11:40:14","slug":"contra-el-ine-o-contra-la-constitucion","status":"publish","type":"post","link":"https:\/\/plazajuarez.mx\/historico\/contra-el-ine-o-contra-la-constitucion\/","title":{"rendered":"\u00bfContra el INE o contra la Constituci\u00f3n?"},"content":{"rendered":"\n<ul class=\"wp-block-list\"><li>Los organismos son conquistas no de los gobiernos, sino de la gente<\/li><\/ul>\n\n\n\n<p><strong><em>Por Miguel Carbonell &#8211; Investigador del IIJ-UNAM\u00a0<\/em><\/strong><\/p>\n\n\n\n<!--more-->\n\n\n\n<p>Nadie que conozca la historia pol\u00edtica reciente de M\u00e9xico puede estar en contra de la existencia de los \u00f3rganos dotados de autonom\u00eda constitucional. Nadie.<\/p>\n\n\n\n<p>Dichos \u00f3rganos realizan tareas fundamentales dentro del Estado mexicano que justifican sobradamente su existencia. Desaparecerlos o menguar su autonom\u00eda significar\u00eda un grave retroceso en la construcci\u00f3n democr\u00e1tica del pa\u00eds.<\/p>\n\n\n\n<p>Supongo que nadie quisiera restarle autonom\u00eda al Banco de M\u00e9xico y depositar la pol\u00edtica monetaria del Estado mexicano otra vez en la Secretar\u00eda de Hacienda. De la misma forma nadie en sus sanos cabales regresar\u00eda el reloj de la historia nacional para que fuera la Secretar\u00eda de Gobernaci\u00f3n la que organice las elecciones y cuente los votos (aunque a don Manuel Bartlett seguramente le pueda resultar simp\u00e1tica esta idea y est\u00e9 muy dispuesto a promoverla, en a\u00f1oranza de sus a\u00f1os mozos).<\/p>\n\n\n\n<p>Organismos como el Instituto Nacional de Acceso a la Informaci\u00f3n P\u00fablica y Protecci\u00f3n de Datos Personales (Inai), la Comisi\u00f3n Nacional de los Derechos Humanos e incluso, en un nivel de autonom\u00eda funcional de rango legislativo, el Consejo Nacional para Prevenir la Discriminaci\u00f3n (Conapred), son conquistas no de nuestros gobiernos, sino de la gente. Si est\u00e1n previstos en la Constituci\u00f3n o en las leyes es porque tienen a su cargo la delicada tarea de proteger los derechos humanos de todos nosotros.<\/p>\n\n\n\n<p>Cuando se les ataca, cabr\u00eda entonces pensar, \u00bfno se estar\u00e1 m\u00e1s bien disparando contra el orden constitucional que los funcionarios p\u00fablicos protestan acatar cuando toman posesi\u00f3n de su cargo? \u00bfHace falta que se les recuerde una vez m\u00e1s el contenido del art\u00edculo 128 constitucional, para que sean respetuosos de lo que establece la Carta Magna?<\/p>\n\n\n\n<p>Y no se trata solamente de impedir que los \u00f3rganos constitucionales aut\u00f3nomos desaparezcan. Se trata de respetar a cabalidad su autonom\u00eda, de dotarlos de recursos suficientes para que pueda hacer su trabajo, de fortalecer sus facultades para que logren todas sus metas y justifiquen sus prop\u00f3sitos, de nombrar como sus integrantes a personas que sepan de los temas que deban atender y un largo etc\u00e9tera. No queremos que los \u00f3rganos constitucionales aut\u00f3nomos existan solamente de forma decorativa, sino que sean fuertes y que trabajen en serio.<\/p>\n\n\n\n<p>Todo lo anterior no es obst\u00e1culo para revisar lo que se tenga que revisar en torno al desempe\u00f1o de cualquier \u00f3rgano aut\u00f3nomo. Seguramente hay aspectos de su gesti\u00f3n que se puede mejorar. No dudo que haya habido despilfarro de recursos en alguno o algunos de ellos. Para eso est\u00e1n las instancias competentes que revisan su quehacer, ya sea a trav\u00e9s de recursos judiciales que se presenten en contra de sus decisiones o por medio de la revisi\u00f3n del gasto p\u00fablico que realiza de manera permanente la Auditor\u00eda Superior de la Federaci\u00f3n, a la que todos deben reportarle.&nbsp;<\/p>\n\n\n\n<p>Si alguien sabe de alguna inconsistencia debe denunciarlo, sobre todo si se trata de un servidor p\u00fablico. Si no es as\u00ed, no se vale que en conferencias de prensa o en declaraciones irresponsables se le denoste y se les ataque, como si se estuviera preparando a la opini\u00f3n p\u00fablica para un embate legislativo o presupuestario que ya se tiene preparado.<\/p>\n\n\n\n<p>En particular, resulta extremadamente sospechoso que el INE vuelva a estar en la cr\u00edtica de ciertos actores pol\u00edticos, en v\u00edsperas del arranque del proceso electoral que habr\u00e1 de culminar con las elecciones de miles de cargos p\u00fablicos el pr\u00f3ximo a\u00f1o. Cualquiera sabe que el INE ha construido un servicio civil de carrera ejemplar a lo largo de los a\u00f1os y que la organizaci\u00f3n de las elecciones que tiene a su cargo ha sido puesta como ejemplo a nivel internacional. \u00bfQu\u00e9 intentan los que atacan a su Consejero Presidente o a cualquiera de sus integrantes? \u00bfDichos ataques se basan en datos objetivos o buscan camuflar m\u00e1s bien la indigesti\u00f3n que les produce a los pol\u00edticos que un \u00f3rgano sea aut\u00f3nomo y no obedezca a sus mandatos?<\/p>\n\n\n\n<p>Yo celebro que el INE sea un \u00f3rgano aut\u00f3nomo y que sus integrantes defiendan la autonom\u00eda que les otorga la Constituci\u00f3n. Lo que debemos hacer los ciudadanos es apoyarlos, porque de esa manera vamos a preservar la democracia mexicana, siempre tan d\u00e9bil y tan precaria, siempre atacada por actores pol\u00edticos de \u00ednfimo nivel y a los que la historia seguramente no recordar\u00e1 (y si la historia los recuerda, ser\u00e1 como comparsas de una involuci\u00f3n pol\u00edtica que debemos impedir a toda costa). Lo que est\u00e1 en juego no es solamente el INE, sino algo mucho m\u00e1s importante: la Constituci\u00f3n mexicana. Hay que estar listos para defenderla.<\/p>\n","protected":false},"excerpt":{"rendered":"<p>Los organismos son conquistas no de los gobiernos, sino de la gente Por Miguel Carbonell &#8211; Investigador del IIJ-UNAM\u00a0<\/p>\n","protected":false},"author":81,"featured_media":0,"comment_status":"closed","ping_status":"open","sticky":false,"template":"","format":"standard","meta":{"footnotes":""},"categories":[42],"tags":[],"class_list":["post-121588","post","type-post","status-publish","format-standard","hentry","category-nuestrapalabra"],"_links":{"self":[{"href":"https:\/\/plazajuarez.mx\/historico\/wp-json\/wp\/v2\/posts\/121588","targetHints":{"allow":["GET"]}}],"collection":[{"href":"https:\/\/plazajuarez.mx\/historico\/wp-json\/wp\/v2\/posts"}],"about":[{"href":"https:\/\/plazajuarez.mx\/historico\/wp-json\/wp\/v2\/types\/post"}],"author":[{"embeddable":true,"href":"https:\/\/plazajuarez.mx\/historico\/wp-json\/wp\/v2\/users\/81"}],"replies":[{"embeddable":true,"href":"https:\/\/plazajuarez.mx\/historico\/wp-json\/wp\/v2\/comments?post=121588"}],"version-history":[{"count":0,"href":"https:\/\/plazajuarez.mx\/historico\/wp-json\/wp\/v2\/posts\/121588\/revisions"}],"wp:attachment":[{"href":"https:\/\/plazajuarez.mx\/historico\/wp-json\/wp\/v2\/media?parent=121588"}],"wp:term":[{"taxonomy":"category","embeddable":true,"href":"https:\/\/plazajuarez.mx\/historico\/wp-json\/wp\/v2\/categories?post=121588"},{"taxonomy":"post_tag","embeddable":true,"href":"https:\/\/plazajuarez.mx\/historico\/wp-json\/wp\/v2\/tags?post=121588"}],"curies":[{"name":"wp","href":"https:\/\/api.w.org\/{rel}","templated":true}]}}