{"id":121587,"date":"2020-07-01T06:38:20","date_gmt":"2020-07-01T11:38:20","guid":{"rendered":"https:\/\/plazajuarez.mx\/?p=121587"},"modified":"2020-07-01T06:38:20","modified_gmt":"2020-07-01T11:38:20","slug":"aprobaron-la-ley-de-amnistia-en-el-estado","status":"publish","type":"post","link":"https:\/\/plazajuarez.mx\/historico\/aprobaron-la-ley-de-amnistia-en-el-estado\/","title":{"rendered":"Aprobaron la ley de amnist\u00eda en el estado"},"content":{"rendered":"\n<ul class=\"wp-block-list\"><li><strong>Quedar\u00e1n libres quienes est\u00e1n presos por delitos como: aborto, robo simple y sin violencia, sedici\u00f3n y a los ind\u00edgenas acusados de distintos delitos sin habarles brindado interpretes\u00a0<\/strong><\/li><\/ul>\n\n\n\n<!--more-->\n\n\n\n<p>Con 27 votos a favor y tres en contra de parte del Partido Acci\u00f3n Nacional (PAN), se aprob\u00f3 la iniciativa para la expedici\u00f3n de la Ley de Amnist\u00eda para el Estado de Hidalgo mediante la cual se otorgar\u00e1 la libertad a un sector espec\u00edfico de los presos que purgan alguna condena en las c\u00e1rceles de la entidad.&nbsp;&nbsp;<\/p>\n\n\n\n<p>La iniciativa enviada por el gobernador del estado de Hidalgo, Omar Fayad Meneses, establece que dicha medida ser\u00e1 retroactiva y aplicar\u00e1 a favor de la persona contra la que \u201cse haya ejercitado o pudiere ejercitarse acci\u00f3n penal ante los tribunales del Estado por delitos cometidos antes de la fecha de entrada en vigor de la presente ley\u201d.<\/p>\n\n\n\n<p>De igual forma apunta que se otorgar\u00e1 amnist\u00eda a quienes est\u00e9n presos por delitos como: aborto, delitos en contra de la salud, cuando sea competencia de las autoridades del fuero com\u00fan, en t\u00e9rminos del art\u00edculo 474 de la Ley General de Salud; por cualquier delito a la persona perteneciente a pueblos o comunidades ind\u00edgenas que durante su proceso no haya accedido plenamente a la jurisdicci\u00f3n del estado, por no haberse garantizado su derecho a contar con int\u00e9rpretes o defensores que tengan conocimiento de su lengua y cultura lo que haya impedido una buena comunicaci\u00f3n con su defensor.<\/p>\n\n\n\n<p>Tambi\u00e9n quedar\u00e1n exentos de penas los que purguen condenas por robo simple y sin violencia, siempre y que no ameriten pena privativa de la libertad de m\u00e1s de cuatro a\u00f1os, o por el delito de sedici\u00f3n (Levantamiento de un grupo de personas contra un gobierno con el fin de derrocarlo) o porque se le haya invitado, instigado o incitado a la comisi\u00f3n de este delito y en los hechos no se haya producido la privaci\u00f3n de la vida o de la libertad o lesiones graves a otra persona.<\/p>\n\n\n\n<p>El dictamen fue emitido por la primera comisi\u00f3n permanente de Justicia y Seguridad Ciudadana de la 64 legislatura y tras ser aprobado, entrar\u00e1 en vigor una vez que sea publicado en el Peri\u00f3dico Oficial del Estado de Hidalgo (POEH).<\/p>\n","protected":false},"excerpt":{"rendered":"<p>Quedar\u00e1n libres quienes est\u00e1n presos por delitos como: aborto, robo simple y sin violencia, sedici\u00f3n y a los ind\u00edgenas acusados de distintos delitos sin habarles brindado interpretes\u00a0<\/p>\n","protected":false},"author":72,"featured_media":0,"comment_status":"closed","ping_status":"open","sticky":false,"template":"","format":"standard","meta":{"footnotes":""},"categories":[15,59],"tags":[],"class_list":["post-121587","post","type-post","status-publish","format-standard","hentry","category-destacadas","category-general"],"_links":{"self":[{"href":"https:\/\/plazajuarez.mx\/historico\/wp-json\/wp\/v2\/posts\/121587","targetHints":{"allow":["GET"]}}],"collection":[{"href":"https:\/\/plazajuarez.mx\/historico\/wp-json\/wp\/v2\/posts"}],"about":[{"href":"https:\/\/plazajuarez.mx\/historico\/wp-json\/wp\/v2\/types\/post"}],"author":[{"embeddable":true,"href":"https:\/\/plazajuarez.mx\/historico\/wp-json\/wp\/v2\/users\/72"}],"replies":[{"embeddable":true,"href":"https:\/\/plazajuarez.mx\/historico\/wp-json\/wp\/v2\/comments?post=121587"}],"version-history":[{"count":0,"href":"https:\/\/plazajuarez.mx\/historico\/wp-json\/wp\/v2\/posts\/121587\/revisions"}],"wp:attachment":[{"href":"https:\/\/plazajuarez.mx\/historico\/wp-json\/wp\/v2\/media?parent=121587"}],"wp:term":[{"taxonomy":"category","embeddable":true,"href":"https:\/\/plazajuarez.mx\/historico\/wp-json\/wp\/v2\/categories?post=121587"},{"taxonomy":"post_tag","embeddable":true,"href":"https:\/\/plazajuarez.mx\/historico\/wp-json\/wp\/v2\/tags?post=121587"}],"curies":[{"name":"wp","href":"https:\/\/api.w.org\/{rel}","templated":true}]}}