{"id":121571,"date":"2020-07-01T06:00:00","date_gmt":"2020-07-01T11:00:00","guid":{"rendered":"https:\/\/plazajuarez.mx\/?p=121571"},"modified":"2020-07-01T00:03:09","modified_gmt":"2020-07-01T05:03:09","slug":"brasil-rumbo-a-la-decada-perdida","status":"publish","type":"post","link":"https:\/\/plazajuarez.mx\/historico\/brasil-rumbo-a-la-decada-perdida\/","title":{"rendered":"Brasil, rumbo a la d\u00e9cada perdida"},"content":{"rendered":"\n<ul class=\"wp-block-list\"><li><strong>El pa\u00eds ha pasado siete a\u00f1os atrapado en un laberinto de crisis pol\u00edticas y econ\u00f3micas&nbsp;<\/strong><\/li><\/ul>\n\n\n\n<!--more-->\n\n\n\n<p>Ser\u00eda la peor d\u00e9cada perdida de los \u00faltimos 120 a\u00f1os&#8221;, explic\u00f3 a Marcel Balassiano, autor del estudio<\/p>\n\n\n\n<p>EFE.- Brasil, el gigante con un brillante futuro que nunca acaba de llegar, cerrar\u00e1 en 2020 la peor d\u00e9cada en m\u00e1s de un siglo tras pasar siete a\u00f1os atrapado en un laberinto de crisis pol\u00edticas y econ\u00f3micas actualmente agravadas por la pandemia.<\/p>\n\n\n\n<p>Las proyecciones m\u00e1s optimistas prev\u00e9n una ca\u00edda del 6,5% del producto interior bruto en 2020, mientras que el FMI eleva el desplome hasta el 9,1% como consecuencia de la pandemia.<\/p>\n\n\n\n<p>Si los malos pron\u00f3sticos se cumplen, la novena econom\u00eda mundial concluir\u00e1 el periodo 2011-2020 con una contracci\u00f3n media anual de entre el 0,1% y el 0,3%, seg\u00fan los \u00faltimos c\u00e1lculos del Instituto Brasile\u00f1o de Econom\u00eda de la Fundaci\u00f3n Get\u00falio Vargas (Ibre\/FGV).<\/p>\n\n\n\n<p>De ser as\u00ed, el gigante sudamericano tendr\u00e1 su segunda d\u00e9cada &#8220;perdida&#8221; en los \u00faltimos 40 a\u00f1os, tras la de 1981-1990, a pesar de contar con unas ingentes reservas de hidrocarburos y de disponer de uno de los sectores agropecuarios m\u00e1s pujantes del planeta.<\/p>\n\n\n\n<p>Entonces, el pa\u00eds registr\u00f3 el menor crecimiento de la serie hist\u00f3rica (1,6%) debido a la hiperinflaci\u00f3n y a una serie de crisis externas en medio de turbulencias pol\u00edticas internas -en 1985 se hizo la transici\u00f3n a la democracia despu\u00e9s de 21 a\u00f1os de dictadura militar-.<\/p>\n\n\n\n<p>&#8220;Aunque no hubiera llegado la crisis del coronavirus, las proyecciones de febrero apuntaban que el PIB crecer\u00eda un 2% este a\u00f1o. Aun as\u00ed, se tratar\u00eda de una d\u00e9cada perdida, la peor de los \u00faltimos 120 a\u00f1os&#8221;, explic\u00f3 a EFE Marcel Balassiano, autor del estudio de la FGV.<\/p>\n\n\n\n<p><strong>EL DESPEGUE FRUSTRADO DE UN GIGANTE<\/strong><\/p>\n\n\n\n<p>A comienzos de la d\u00e9cada, Brasil, gobernado por el izquierdista Luiz In\u00e1cio Lula da Silva, aspiraba a convertirse en una potencia mundial.<\/p>\n\n\n\n<p>Al igual que otros emergentes, el pa\u00eds pr\u00e1cticamente no sinti\u00f3 la crisis mundial de 2008, y tras una t\u00edmida contracci\u00f3n en 2009, su econom\u00eda avanz\u00f3 7,5% en 2010 gracias al &#8220;boom&#8221; de las materias primas.<\/p>\n","protected":false},"excerpt":{"rendered":"<p>El pa\u00eds ha pasado siete a\u00f1os atrapado en un laberinto de crisis pol\u00edticas y econ\u00f3micas&nbsp;<\/p>\n","protected":false},"author":80,"featured_media":0,"comment_status":"closed","ping_status":"open","sticky":false,"template":"","format":"standard","meta":{"footnotes":""},"categories":[31],"tags":[],"class_list":["post-121571","post","type-post","status-publish","format-standard","hentry","category-orbe"],"_links":{"self":[{"href":"https:\/\/plazajuarez.mx\/historico\/wp-json\/wp\/v2\/posts\/121571","targetHints":{"allow":["GET"]}}],"collection":[{"href":"https:\/\/plazajuarez.mx\/historico\/wp-json\/wp\/v2\/posts"}],"about":[{"href":"https:\/\/plazajuarez.mx\/historico\/wp-json\/wp\/v2\/types\/post"}],"author":[{"embeddable":true,"href":"https:\/\/plazajuarez.mx\/historico\/wp-json\/wp\/v2\/users\/80"}],"replies":[{"embeddable":true,"href":"https:\/\/plazajuarez.mx\/historico\/wp-json\/wp\/v2\/comments?post=121571"}],"version-history":[{"count":0,"href":"https:\/\/plazajuarez.mx\/historico\/wp-json\/wp\/v2\/posts\/121571\/revisions"}],"wp:attachment":[{"href":"https:\/\/plazajuarez.mx\/historico\/wp-json\/wp\/v2\/media?parent=121571"}],"wp:term":[{"taxonomy":"category","embeddable":true,"href":"https:\/\/plazajuarez.mx\/historico\/wp-json\/wp\/v2\/categories?post=121571"},{"taxonomy":"post_tag","embeddable":true,"href":"https:\/\/plazajuarez.mx\/historico\/wp-json\/wp\/v2\/tags?post=121571"}],"curies":[{"name":"wp","href":"https:\/\/api.w.org\/{rel}","templated":true}]}}