{"id":121569,"date":"2020-07-01T06:00:00","date_gmt":"2020-07-01T11:00:00","guid":{"rendered":"https:\/\/plazajuarez.mx\/?p=121569"},"modified":"2020-07-01T00:00:37","modified_gmt":"2020-07-01T05:00:37","slug":"juez-ordena-detener-a-ex-funcionarios-de-macri","status":"publish","type":"post","link":"https:\/\/plazajuarez.mx\/historico\/juez-ordena-detener-a-ex-funcionarios-de-macri\/","title":{"rendered":"Juez ordena detener a ex funcionarios de Macri"},"content":{"rendered":"\n<ul class=\"wp-block-list\"><li><strong>Supuesto espionaje a opositores y sindicalistas, entre otros<\/strong><\/li><\/ul>\n\n\n\n<!--more-->\n\n\n\n<p>Entre los detenidos se encuentran la ex secretaria de Documentaci\u00f3n Presidencial durante el Gobierno de Macri Susana Martinengo,<\/p>\n\n\n\n<p>EFE.- La Justicia Federal argentina detuvo este martes a dos exfuncionarios del Gobierno del expresidente Mauricio Macri (2015-2019) y a otras 20 personas sospechadas de supuesto espionaje ilegal a funcionarios, pol\u00edticos, sindicalistas y empresarios, informaron fuentes oficiales.<\/p>\n\n\n\n<p>Entre los detenidos por orden del juez federal de Lomas de Zamora Federico Villena se encuentran la exsecretaria de Documentaci\u00f3n Presidencial durante el Gobierno de Macri Susana Martinengo, el ex jefe de Contraingeligencia de la Agencia Federal de Inteligencia (AFI) Diego Dalmau Pereyra y agentes de esta entidad, precisaron las fuentes.<\/p>\n\n\n\n<p>Tambi\u00e9n qued\u00f3 detenido a disposici\u00f3n del magistrado el ex jefe de Operaciones Especiales de la AFI Alan Ruiz, quien ya est\u00e1 preso en otra causa que investiga el juez Juan Pablo Auge sobre supuesto espionaje ilegal al Instituto Patria, el &#8220;think tank&#8221; de la exmandataria y actual vicepresidenta Cristina Fern\u00e1ndez de Kirchner (2007-2015).<\/p>\n","protected":false},"excerpt":{"rendered":"<p>Supuesto espionaje a opositores y sindicalistas, entre otros<\/p>\n","protected":false},"author":80,"featured_media":0,"comment_status":"closed","ping_status":"open","sticky":false,"template":"","format":"standard","meta":{"footnotes":""},"categories":[31],"tags":[],"class_list":["post-121569","post","type-post","status-publish","format-standard","hentry","category-orbe"],"_links":{"self":[{"href":"https:\/\/plazajuarez.mx\/historico\/wp-json\/wp\/v2\/posts\/121569","targetHints":{"allow":["GET"]}}],"collection":[{"href":"https:\/\/plazajuarez.mx\/historico\/wp-json\/wp\/v2\/posts"}],"about":[{"href":"https:\/\/plazajuarez.mx\/historico\/wp-json\/wp\/v2\/types\/post"}],"author":[{"embeddable":true,"href":"https:\/\/plazajuarez.mx\/historico\/wp-json\/wp\/v2\/users\/80"}],"replies":[{"embeddable":true,"href":"https:\/\/plazajuarez.mx\/historico\/wp-json\/wp\/v2\/comments?post=121569"}],"version-history":[{"count":0,"href":"https:\/\/plazajuarez.mx\/historico\/wp-json\/wp\/v2\/posts\/121569\/revisions"}],"wp:attachment":[{"href":"https:\/\/plazajuarez.mx\/historico\/wp-json\/wp\/v2\/media?parent=121569"}],"wp:term":[{"taxonomy":"category","embeddable":true,"href":"https:\/\/plazajuarez.mx\/historico\/wp-json\/wp\/v2\/categories?post=121569"},{"taxonomy":"post_tag","embeddable":true,"href":"https:\/\/plazajuarez.mx\/historico\/wp-json\/wp\/v2\/tags?post=121569"}],"curies":[{"name":"wp","href":"https:\/\/api.w.org\/{rel}","templated":true}]}}