{"id":121567,"date":"2020-07-01T06:00:00","date_gmt":"2020-07-01T11:00:00","guid":{"rendered":"https:\/\/plazajuarez.mx\/?p=121567"},"modified":"2020-06-30T23:59:32","modified_gmt":"2020-07-01T04:59:32","slug":"ley-de-seguridad-para-hong-kong","status":"publish","type":"post","link":"https:\/\/plazajuarez.mx\/historico\/ley-de-seguridad-para-hong-kong\/","title":{"rendered":"Ley de seguridad para Hong Kong"},"content":{"rendered":"\n<ul class=\"wp-block-list\"><li><strong>Ayer se aprob\u00f3 y entr\u00f3 en vigor&nbsp;<\/strong><\/li><\/ul>\n\n\n\n<!--more-->\n\n\n\n<p>EFE.- La jefa del Gobierno hongkon\u00e9s, Carrie Lam, anunci\u00f3 que la ley de seguridad nacional que el Legislativo chino aprob\u00f3 ayer para Hong Kong entr\u00f3 en vigor.<\/p>\n\n\n\n<p>En un comunicado emitido poco despu\u00e9s de que la prensa oficial china confirmase la ratificaci\u00f3n de la ley por parte del presidente, Xi Jinping,&nbsp;<\/p>\n\n\n\n<p>Lam asegur\u00f3 que el Gobierno que dirige publicar\u00e1 &#8220;lo antes posible&#8221; la norma en su bolet\u00edn oficial.<\/p>\n\n\n\n<p>Lam tambi\u00e9n revel\u00f3 que presidir\u00e1 un Comit\u00e9 para la Protecci\u00f3n de la Seguridad Nacional en Hong Kong, y que se crear\u00e1n &#8220;unidades dedicadas&#8221; espec\u00edficas en la Polic\u00eda y en el Departamento de Justicia para hacer cumplir la nueva ley.&nbsp;<\/p>\n\n\n\n<p><strong>UE DEPLORA LEY CHINA PARA HONG KONG&nbsp;<\/strong><\/p>\n\n\n\n<p>La Uni\u00f3n Europea (UE) deplor\u00f3 ayer la controvertida ley de seguridad de Hong Kong ratificada por el Comit\u00e9 Permanente de la Asamblea Nacional Popular (Legislativo) de China, pues consider\u00f3 que socavar\u00e1 la autonom\u00eda y el Estado de derecho de la ciudad.<\/p>\n\n\n\n<p>&#8220;Esta ley corre el riesgo de minar gravemente el alto grado de autonom\u00eda de Hong Kong y tener un efecto perjudicial en la independencia de la judicatura y el Estado de derecho. Deploramos esa decisi\u00f3n&#8221;, indic\u00f3 el presidente del Consejo Europeo, Charles Michel.<\/p>\n\n\n\n<p>Por su parte, la presidenta de la Comisi\u00f3n Europea, Ursula von der Leyen, record\u00f3 &#8220;hemos dejado claro en diferentes ocasiones, incluido en nuestros contactos directos la semana pasada con los l\u00edderes chinos, que la nueva ley no es conforme a la ley B\u00e1sica de Hong Kong ni a los compromisos internacionales de China&#8221;.<\/p>\n","protected":false},"excerpt":{"rendered":"<p>Ayer se aprob\u00f3 y entr\u00f3 en vigor&nbsp;<\/p>\n","protected":false},"author":80,"featured_media":0,"comment_status":"closed","ping_status":"open","sticky":false,"template":"","format":"standard","meta":{"footnotes":""},"categories":[31],"tags":[],"class_list":["post-121567","post","type-post","status-publish","format-standard","hentry","category-orbe"],"_links":{"self":[{"href":"https:\/\/plazajuarez.mx\/historico\/wp-json\/wp\/v2\/posts\/121567","targetHints":{"allow":["GET"]}}],"collection":[{"href":"https:\/\/plazajuarez.mx\/historico\/wp-json\/wp\/v2\/posts"}],"about":[{"href":"https:\/\/plazajuarez.mx\/historico\/wp-json\/wp\/v2\/types\/post"}],"author":[{"embeddable":true,"href":"https:\/\/plazajuarez.mx\/historico\/wp-json\/wp\/v2\/users\/80"}],"replies":[{"embeddable":true,"href":"https:\/\/plazajuarez.mx\/historico\/wp-json\/wp\/v2\/comments?post=121567"}],"version-history":[{"count":0,"href":"https:\/\/plazajuarez.mx\/historico\/wp-json\/wp\/v2\/posts\/121567\/revisions"}],"wp:attachment":[{"href":"https:\/\/plazajuarez.mx\/historico\/wp-json\/wp\/v2\/media?parent=121567"}],"wp:term":[{"taxonomy":"category","embeddable":true,"href":"https:\/\/plazajuarez.mx\/historico\/wp-json\/wp\/v2\/categories?post=121567"},{"taxonomy":"post_tag","embeddable":true,"href":"https:\/\/plazajuarez.mx\/historico\/wp-json\/wp\/v2\/tags?post=121567"}],"curies":[{"name":"wp","href":"https:\/\/api.w.org\/{rel}","templated":true}]}}